{"id":38860,"date":"2018-08-23T09:03:33","date_gmt":"2018-08-23T12:03:33","guid":{"rendered":"https:\/\/eldiariodesanpedro.com.ar\/sitio\/?p=38860"},"modified":"2018-08-23T09:03:33","modified_gmt":"2018-08-23T12:03:33","slug":"tres-personas-aprehendidas-por-pedido-de-captura-activa","status":"publish","type":"post","link":"https:\/\/eldiariodesanpedro.com.ar\/sitio\/tres-personas-aprehendidas-por-pedido-de-captura-activa\/","title":{"rendered":"Tres personas aprehendidas por  pedido de \u00abcaptura activa\u00bb"},"content":{"rendered":"<p><!-- VideographyWP Plugin Message: Automatic video embedding prevented by plugin options. --><br \/>\nEn el marco de operativos de interceptaci\u00f3n vehicular, fueron identificadas por tener pedido de paradero activo tres personas oriundas de otra ciudad; dos de ellas fueron aprehendidas en Ruta 1001.<\/p>\n<p>Ya son muchas las veces que en nuestra localidad se aprehenden a personas con pedido de captura activa que habian sido buscadas en otra ciudad; en este caso un hombre que se movilizaba a bordo de un automovil marca Chevrolet modelo Classic de color Gris, fue aprehendido en intersecci\u00f3n de  Camino Guzzo y calle Lucio Mansilla, registra pedido de captura activo, caratulado infracci\u00f3n LEY 23.737, con intervenci\u00f3n del Juzgado Correccional N\u00ba 1 de San Nicolas.<\/p>\n<p>Tambien en Ruta 1001 km 6 se identifico a dos hombres mayores de 52 y 56 a\u00f1os de edad, el primero registra pedido de  paradero activo, solicitado por la UFI N\u00ba 7 de San Martin, comunicado con Juzgado a cargo de Dr. Nieves Andr\u00e9s dispone  notificaci\u00f3n comparendo a Juzgado Interviniente fines audiencia; el segundo registra Paradero Activo de UFI N\u00ba 3 de San Nicol\u00e1s en causa \u201cLesiones Leves Y Atentado a La Autoridad\u201d; comunicado con Magisterio Interviniente quien dispone notificaci\u00f3n comparendo a primera audiencia. Asimismo registra segundo paradero solicitado por la UFI N\u00ba 1 Mor\u00f3n, , puesto en conocimiento Magistrado dispone presentaci\u00f3n. <\/p>\n","protected":false},"excerpt":{"rendered":"<p>En el marco de operativos de interceptaci\u00f3n vehicular, fueron identificadas por tener pedido de paradero activo tres personas oriundas de otra ciudad; dos de ellas fueron aprehendidas en Ruta 1001. Ya son muchas las veces que en nuestra localidad se aprehenden a personas con pedido de captura activa que habian sido buscadas en otra ciudad; [&hellip;]<\/p>\n","protected":false},"author":4,"featured_media":26677,"comment_status":"open","ping_status":"closed","sticky":false,"template":"","format":"standard","meta":{"om_disable_all_campaigns":false,"_jetpack_memberships_contains_paid_content":false,"footnotes":""},"categories":[2,103],"tags":[],"class_list":["post-38860","post","type-post","status-publish","format-standard","has-post-thumbnail","hentry","category-locales","category-policiales-locales"],"aioseo_notices":[],"gutentor_comment":0,"jetpack_featured_media_url":"https:\/\/eldiariodesanpedro.com.ar\/sitio\/wp-content\/uploads\/2017\/12\/patrullas-policia-noche.jpg","jetpack_shortlink":"https:\/\/wp.me\/p6RhLt-a6M","jetpack_sharing_enabled":true,"_links":{"self":[{"href":"https:\/\/eldiariodesanpedro.com.ar\/sitio\/wp-json\/wp\/v2\/posts\/38860","targetHints":{"allow":["GET"]}}],"collection":[{"href":"https:\/\/eldiariodesanpedro.com.ar\/sitio\/wp-json\/wp\/v2\/posts"}],"about":[{"href":"https:\/\/eldiariodesanpedro.com.ar\/sitio\/wp-json\/wp\/v2\/types\/post"}],"author":[{"embeddable":true,"href":"https:\/\/eldiariodesanpedro.com.ar\/sitio\/wp-json\/wp\/v2\/users\/4"}],"replies":[{"embeddable":true,"href":"https:\/\/eldiariodesanpedro.com.ar\/sitio\/wp-json\/wp\/v2\/comments?post=38860"}],"version-history":[{"count":1,"href":"https:\/\/eldiariodesanpedro.com.ar\/sitio\/wp-json\/wp\/v2\/posts\/38860\/revisions"}],"predecessor-version":[{"id":38862,"href":"https:\/\/eldiariodesanpedro.com.ar\/sitio\/wp-json\/wp\/v2\/posts\/38860\/revisions\/38862"}],"wp:featuredmedia":[{"embeddable":true,"href":"https:\/\/eldiariodesanpedro.com.ar\/sitio\/wp-json\/wp\/v2\/media\/26677"}],"wp:attachment":[{"href":"https:\/\/eldiariodesanpedro.com.ar\/sitio\/wp-json\/wp\/v2\/media?parent=38860"}],"wp:term":[{"taxonomy":"category","embeddable":true,"href":"https:\/\/eldiariodesanpedro.com.ar\/sitio\/wp-json\/wp\/v2\/categories?post=38860"},{"taxonomy":"post_tag","embeddable":true,"href":"https:\/\/eldiariodesanpedro.com.ar\/sitio\/wp-json\/wp\/v2\/tags?post=38860"}],"curies":[{"name":"wp","href":"https:\/\/api.w.org\/{rel}","templated":true}]}}