{"id":38853,"date":"2018-08-22T20:51:30","date_gmt":"2018-08-22T23:51:30","guid":{"rendered":"https:\/\/eldiariodesanpedro.com.ar\/sitio\/?p=38853"},"modified":"2026-01-24T00:11:11","modified_gmt":"2026-01-24T03:11:11","slug":"torneos-bonaerenses-san-pedro-clasifico-en-futsal-sub-18","status":"publish","type":"post","link":"https:\/\/eldiariodesanpedro.com.ar\/sitio\/torneos-bonaerenses-san-pedro-clasifico-en-futsal-sub-18\/","title":{"rendered":"TORNEOS BONAERENSES: San Pedro clasific\u00f3 en Futsal Sub 18"},"content":{"rendered":"<p><!-- VideographyWP Plugin Message: Automatic video embedding prevented by plugin options. --><br \/>\nEste martes desde las primeras horas de la ma\u00f1ana se disput\u00f3 en nuestra ciudad la etapa regional de Futsal, correspondiente a los torneos Bonaerenses. <\/p>\n<p>  Clasific\u00f3 San Pedro luego de golear a Salto. Varios municipios estuvieron presentes (Arrecifes, Pergamino, Rojas, Salto, Ramallo, Capit\u00e1n Sarmiento, Col\u00f3n, Baradero, San Nicol\u00e1s, y San Pedro) jugando en el gimnasio del club Los Andes y el Municipal. El sub 18 de San Pedro logr\u00f3 clasificar a la final provincial a llevarse a cabo en Mar del Plata luego de arribar a la final del regional y vencer categ\u00f3ricamente a Salto 14 a 0.<\/p>\n","protected":false},"excerpt":{"rendered":"<p>Este martes desde las primeras horas de la ma\u00f1ana se disput\u00f3 en nuestra ciudad la etapa regional de Futsal, correspondiente a los torneos Bonaerenses. Clasific\u00f3 San Pedro luego de golear a Salto. Varios municipios estuvieron presentes (Arrecifes, Pergamino, Rojas, Salto, Ramallo, Capit\u00e1n Sarmiento, Col\u00f3n, Baradero, San Nicol\u00e1s, y San Pedro) jugando en el gimnasio del [&hellip;]<\/p>\n","protected":false},"author":4,"featured_media":38854,"comment_status":"open","ping_status":"closed","sticky":false,"template":"","format":"standard","meta":{"om_disable_all_campaigns":false,"_jetpack_memberships_contains_paid_content":false,"footnotes":""},"categories":[5],"tags":[],"class_list":["post-38853","post","type-post","status-publish","format-standard","has-post-thumbnail","hentry","category-deportes"],"aioseo_notices":[],"gutentor_comment":0,"jetpack_featured_media_url":"https:\/\/eldiariodesanpedro.com.ar\/sitio\/wp-content\/uploads\/2018\/08\/El-equipo-que-representa-a-San-Pedro-y-ya-est\u00e1-en-la-final-provincial.jpg","jetpack_shortlink":"https:\/\/wp.me\/p6RhLt-a6F","jetpack_sharing_enabled":true,"_links":{"self":[{"href":"https:\/\/eldiariodesanpedro.com.ar\/sitio\/wp-json\/wp\/v2\/posts\/38853","targetHints":{"allow":["GET"]}}],"collection":[{"href":"https:\/\/eldiariodesanpedro.com.ar\/sitio\/wp-json\/wp\/v2\/posts"}],"about":[{"href":"https:\/\/eldiariodesanpedro.com.ar\/sitio\/wp-json\/wp\/v2\/types\/post"}],"author":[{"embeddable":true,"href":"https:\/\/eldiariodesanpedro.com.ar\/sitio\/wp-json\/wp\/v2\/users\/4"}],"replies":[{"embeddable":true,"href":"https:\/\/eldiariodesanpedro.com.ar\/sitio\/wp-json\/wp\/v2\/comments?post=38853"}],"version-history":[{"count":2,"href":"https:\/\/eldiariodesanpedro.com.ar\/sitio\/wp-json\/wp\/v2\/posts\/38853\/revisions"}],"predecessor-version":[{"id":38856,"href":"https:\/\/eldiariodesanpedro.com.ar\/sitio\/wp-json\/wp\/v2\/posts\/38853\/revisions\/38856"}],"wp:featuredmedia":[{"embeddable":true,"href":"https:\/\/eldiariodesanpedro.com.ar\/sitio\/wp-json\/wp\/v2\/media\/38854"}],"wp:attachment":[{"href":"https:\/\/eldiariodesanpedro.com.ar\/sitio\/wp-json\/wp\/v2\/media?parent=38853"}],"wp:term":[{"taxonomy":"category","embeddable":true,"href":"https:\/\/eldiariodesanpedro.com.ar\/sitio\/wp-json\/wp\/v2\/categories?post=38853"},{"taxonomy":"post_tag","embeddable":true,"href":"https:\/\/eldiariodesanpedro.com.ar\/sitio\/wp-json\/wp\/v2\/tags?post=38853"}],"curies":[{"name":"wp","href":"https:\/\/api.w.org\/{rel}","templated":true}]}}