{"id":38843,"date":"2018-08-22T20:26:24","date_gmt":"2018-08-22T23:26:24","guid":{"rendered":"https:\/\/eldiariodesanpedro.com.ar\/sitio\/?p=38843"},"modified":"2018-08-22T20:26:24","modified_gmt":"2018-08-22T23:26:24","slug":"recordatorio-la-libreta-auh-debe-presentarse-para-el-pago-de-la-prestacion","status":"publish","type":"post","link":"https:\/\/eldiariodesanpedro.com.ar\/sitio\/recordatorio-la-libreta-auh-debe-presentarse-para-el-pago-de-la-prestacion\/","title":{"rendered":"Recordatorio: la Libreta AUH debe presentarse para el pago de la prestaci\u00f3n"},"content":{"rendered":"<p><!-- VideographyWP Plugin Message: Automatic video embedding prevented by plugin options. --><br \/>\n  ANSES recuerda que la presentaci\u00f3n de la Libreta Nacional de Seguridad Social, Salud y Educaci\u00f3n o Formulario Libreta es una condici\u00f3n para cobrar la Asignaci\u00f3n Universal por Hijo (AUH).<br \/>\n  Para realizar el tr\u00e1mite se debe ingresar en www.anses.gob.ar, buscar el Formulario PS. 1.47 e imprimirlo, luego llevarlo a la escuela y al establecimiento de salud m\u00e1s cercano para que lo completen. Una vez cumplimentado, pedir turno desde el mismo sitio web o a trav\u00e9s del n\u00famero 130, gratuito desde tel\u00e9fonos fijos, para asistir en la fecha y hora asignada.<br \/>\n  El organismo abona mensualmente el 80% del monto de la asignaci\u00f3n y el 20% acumulado se liquida a partir del mes inmediato posterior al de la presentaci\u00f3n de la Libreta, con la acreditaci\u00f3n de los controles de salud y educaci\u00f3n. <\/p>\n<p><strong>Grupos de pago para ma\u00f1ana<\/strong><br \/>\n-Jubilados y pensionados cuyos haberes superan los $9201 y sus documentos terminan en 0 y 1.<br \/>\n-Titulares de la Prestaci\u00f3n por Desempleo \u2013PLAN 1\u2013 cuyos documentos terminan en 0 y 1.<\/p>\n","protected":false},"excerpt":{"rendered":"<p>ANSES recuerda que la presentaci\u00f3n de la Libreta Nacional de Seguridad Social, Salud y Educaci\u00f3n o Formulario Libreta es una condici\u00f3n para cobrar la Asignaci\u00f3n Universal por Hijo (AUH). Para realizar el tr\u00e1mite se debe ingresar en www.anses.gob.ar, buscar el Formulario PS. 1.47 e imprimirlo, luego llevarlo a la escuela y al establecimiento de salud [&hellip;]<\/p>\n","protected":false},"author":4,"featured_media":3452,"comment_status":"open","ping_status":"closed","sticky":false,"template":"","format":"standard","meta":{"om_disable_all_campaigns":false,"_jetpack_memberships_contains_paid_content":false,"footnotes":""},"categories":[101,2],"tags":[],"class_list":["post-38843","post","type-post","status-publish","format-standard","has-post-thumbnail","hentry","category-interes-general-locales","category-locales"],"aioseo_notices":[],"gutentor_comment":0,"jetpack_featured_media_url":"https:\/\/eldiariodesanpedro.com.ar\/sitio\/wp-content\/uploads\/2016\/04\/23185_anses.jpg","jetpack_shortlink":"https:\/\/wp.me\/p6RhLt-a6v","jetpack_sharing_enabled":true,"_links":{"self":[{"href":"https:\/\/eldiariodesanpedro.com.ar\/sitio\/wp-json\/wp\/v2\/posts\/38843","targetHints":{"allow":["GET"]}}],"collection":[{"href":"https:\/\/eldiariodesanpedro.com.ar\/sitio\/wp-json\/wp\/v2\/posts"}],"about":[{"href":"https:\/\/eldiariodesanpedro.com.ar\/sitio\/wp-json\/wp\/v2\/types\/post"}],"author":[{"embeddable":true,"href":"https:\/\/eldiariodesanpedro.com.ar\/sitio\/wp-json\/wp\/v2\/users\/4"}],"replies":[{"embeddable":true,"href":"https:\/\/eldiariodesanpedro.com.ar\/sitio\/wp-json\/wp\/v2\/comments?post=38843"}],"version-history":[{"count":1,"href":"https:\/\/eldiariodesanpedro.com.ar\/sitio\/wp-json\/wp\/v2\/posts\/38843\/revisions"}],"predecessor-version":[{"id":38845,"href":"https:\/\/eldiariodesanpedro.com.ar\/sitio\/wp-json\/wp\/v2\/posts\/38843\/revisions\/38845"}],"wp:featuredmedia":[{"embeddable":true,"href":"https:\/\/eldiariodesanpedro.com.ar\/sitio\/wp-json\/wp\/v2\/media\/3452"}],"wp:attachment":[{"href":"https:\/\/eldiariodesanpedro.com.ar\/sitio\/wp-json\/wp\/v2\/media?parent=38843"}],"wp:term":[{"taxonomy":"category","embeddable":true,"href":"https:\/\/eldiariodesanpedro.com.ar\/sitio\/wp-json\/wp\/v2\/categories?post=38843"},{"taxonomy":"post_tag","embeddable":true,"href":"https:\/\/eldiariodesanpedro.com.ar\/sitio\/wp-json\/wp\/v2\/tags?post=38843"}],"curies":[{"name":"wp","href":"https:\/\/api.w.org\/{rel}","templated":true}]}}