{"id":38841,"date":"2018-08-22T20:26:18","date_gmt":"2018-08-22T23:26:18","guid":{"rendered":"https:\/\/eldiariodesanpedro.com.ar\/sitio\/?p=38841"},"modified":"2018-08-22T20:26:18","modified_gmt":"2018-08-22T23:26:18","slug":"actualizacion-del-registro-de-empresas-y-comercios-por-tasa-de-publicidad-y-propaganda","status":"publish","type":"post","link":"https:\/\/eldiariodesanpedro.com.ar\/sitio\/actualizacion-del-registro-de-empresas-y-comercios-por-tasa-de-publicidad-y-propaganda\/","title":{"rendered":"Actualizaci\u00f3n del registro de empresas y comercios por Tasa de Publicidad y Propaganda"},"content":{"rendered":"<p><!-- VideographyWP Plugin Message: Automatic video embedding prevented by plugin options. --><br \/>\nLa Municipalidad de San Pedro informa a trav\u00e9s de la Direcci\u00f3n de Rentas que durante los pr\u00f3ximos d\u00edas se realizar\u00e1n tareas de relevamiento en el Partido de San Pedro para efectuar una actualizaci\u00f3n del registro de empresas y comercios alcanzados por la aplicaci\u00f3n de la Tasa de Publicidad y Propaganda. <\/p>\n<p>  La tarea comprende medici\u00f3n de carteles, toma de fotograf\u00edas y registro de informaci\u00f3n a cargo de la empresa TIPSA, concesionaria para este servicio junto a agentes municipales. En esta instancia s\u00f3lo se recabar\u00e1 informaci\u00f3n y no existe ninguna otra acci\u00f3n o solicitud que deba cumplimentarse hasta tanto se reciba la notificaci\u00f3n correspondiente.<\/p>\n<p>Excepciones y prohibiciones de la tasa de derechos de publicidad y propaganda<br \/>\n  Adem\u00e1s, la Direcci\u00f3n de Rentas informa a los contribuyentes las excepciones y prohibiciones para la Tasa de Derechos de Publicidad y Propaganda establecidos en la Ordenanza Fiscal vigente en su Cap\u00edtulo VI, Art. 156\u00ba:<\/p>\n<p>Excepciones: Quedan exceptuados de solicitar autorizaci\u00f3n, pero obligados a dar aviso, los siguientes tipos anuncios (cuya enumeraci\u00f3n lo es a t\u00edtulo de ejemplo, sin que resulte taxativa):<br \/>\na) La publicidad y\/o propaganda con fines sociales, recreativos, culturales, asistenciales y ben\u00e9ficos, a criterio del Departamento Ejecutivo Municipal.<br \/>\nb) La exhibici\u00f3n de chapa de tama\u00f1o tipo, donde conste solamente nombre y especialidad de profesionales u oficios.<br \/>\nc) Los anuncios que en forma de letreros, chapas o avisos sean obligatorios en virtud de normas oficiales y por el tama\u00f1o m\u00ednimo previsto en dicha norma; siempre y cuando pertenezcan directamente al obligado y se limiten a la simple y llana informaci\u00f3n exigida por dichas normas, con prescindencia de cualquier dato propagand\u00edstico, como colores, dise\u00f1os, y\/o que puedan inferir en el p\u00fablico con fines comerciales.<br \/>\nd) La publicidad que se refiera a mercader\u00edas o actividades propias del establecimiento donde la misma se halle, que no incluya marcas, siempre que se realicen en el interior del mismo y no sea visible desde la v\u00eda p\u00fablica.<\/p>\n<p>Prohibici\u00f3n: Queda expresamente prohibido en todo el \u00e1mbito del Partido de San Pedro toda publicidad o propaganda cuando medien las siguientes circunstancias:<br \/>\na) Cuando los elementos utilizados no sean previamente fiscalizados y aprobados por la Municipalidad.<br \/>\nb) Cuando se utilicen muros de edificios p\u00fablicos o privados, sin autorizaci\u00f3n de su propietario o monumentos p\u00fablicos.<br \/>\nc) Cuando los elementos utilizados para la publicidad o propaganda obstruyan directa o indirectamente el se\u00f1alamiento oficial.<br \/>\nd) Cuando se pretenda utilizar \u00e1rboles o similares para soportarla.<br \/>\ne) Cuando los medios o elementos transmitan o induzcan escenas, motivos y\/o im\u00e1genes que resulten contrarias a la moral y buenas costumbres; y\/o cuando no resulten apropiadas para el p\u00fablico que tenga acceso a la visualizaci\u00f3n o percepci\u00f3n de los mismos.<br \/>\n  En todo lo no previsto en este Cap\u00edtulo VI ser\u00e1 de aplicaci\u00f3n subsidiaria y espec\u00edfica la Ordenanza N\u00ba 5855\/09.<\/p>\n","protected":false},"excerpt":{"rendered":"<p>La Municipalidad de San Pedro informa a trav\u00e9s de la Direcci\u00f3n de Rentas que durante los pr\u00f3ximos d\u00edas se realizar\u00e1n tareas de relevamiento en el Partido de San Pedro para efectuar una actualizaci\u00f3n del registro de empresas y comercios alcanzados por la aplicaci\u00f3n de la Tasa de Publicidad y Propaganda. La tarea comprende medici\u00f3n de [&hellip;]<\/p>\n","protected":false},"author":4,"featured_media":4495,"comment_status":"open","ping_status":"closed","sticky":false,"template":"","format":"standard","meta":{"om_disable_all_campaigns":false,"_jetpack_memberships_contains_paid_content":false,"footnotes":""},"categories":[101,2],"tags":[],"class_list":["post-38841","post","type-post","status-publish","format-standard","has-post-thumbnail","hentry","category-interes-general-locales","category-locales"],"aioseo_notices":[],"gutentor_comment":0,"jetpack_featured_media_url":"https:\/\/eldiariodesanpedro.com.ar\/sitio\/wp-content\/uploads\/2016\/05\/Municipalidad.jpg","jetpack_shortlink":"https:\/\/wp.me\/p6RhLt-a6t","jetpack_sharing_enabled":true,"_links":{"self":[{"href":"https:\/\/eldiariodesanpedro.com.ar\/sitio\/wp-json\/wp\/v2\/posts\/38841","targetHints":{"allow":["GET"]}}],"collection":[{"href":"https:\/\/eldiariodesanpedro.com.ar\/sitio\/wp-json\/wp\/v2\/posts"}],"about":[{"href":"https:\/\/eldiariodesanpedro.com.ar\/sitio\/wp-json\/wp\/v2\/types\/post"}],"author":[{"embeddable":true,"href":"https:\/\/eldiariodesanpedro.com.ar\/sitio\/wp-json\/wp\/v2\/users\/4"}],"replies":[{"embeddable":true,"href":"https:\/\/eldiariodesanpedro.com.ar\/sitio\/wp-json\/wp\/v2\/comments?post=38841"}],"version-history":[{"count":1,"href":"https:\/\/eldiariodesanpedro.com.ar\/sitio\/wp-json\/wp\/v2\/posts\/38841\/revisions"}],"predecessor-version":[{"id":38844,"href":"https:\/\/eldiariodesanpedro.com.ar\/sitio\/wp-json\/wp\/v2\/posts\/38841\/revisions\/38844"}],"wp:featuredmedia":[{"embeddable":true,"href":"https:\/\/eldiariodesanpedro.com.ar\/sitio\/wp-json\/wp\/v2\/media\/4495"}],"wp:attachment":[{"href":"https:\/\/eldiariodesanpedro.com.ar\/sitio\/wp-json\/wp\/v2\/media?parent=38841"}],"wp:term":[{"taxonomy":"category","embeddable":true,"href":"https:\/\/eldiariodesanpedro.com.ar\/sitio\/wp-json\/wp\/v2\/categories?post=38841"},{"taxonomy":"post_tag","embeddable":true,"href":"https:\/\/eldiariodesanpedro.com.ar\/sitio\/wp-json\/wp\/v2\/tags?post=38841"}],"curies":[{"name":"wp","href":"https:\/\/api.w.org\/{rel}","templated":true}]}}