{"id":38838,"date":"2018-08-22T20:22:20","date_gmt":"2018-08-22T23:22:20","guid":{"rendered":"https:\/\/eldiariodesanpedro.com.ar\/sitio\/?p=38838"},"modified":"2018-08-22T20:22:20","modified_gmt":"2018-08-22T23:22:20","slug":"integrantes-del-ateneo-revolucion-del-parque-entregaron-una-bandera-a-policia-local","status":"publish","type":"post","link":"https:\/\/eldiariodesanpedro.com.ar\/sitio\/integrantes-del-ateneo-revolucion-del-parque-entregaron-una-bandera-a-policia-local\/","title":{"rendered":"Integrantes del Ateneo Revoluci\u00f3n del Parque entregaron una bandera a Polic\u00eda Local"},"content":{"rendered":"<p><!-- VideographyWP Plugin Message: Automatic video embedding prevented by plugin options. --><br \/>\nEl acto se realiz\u00f3 el lunes por la noche en el Sal\u00f3n Dorado de la Municipalidad de San Pedro con la presencia de varios funcionarios.<\/p>\n<p>  Mediante una ceremonia desarrollada en el Municipio, los integrantes del Ateneo Revoluci\u00f3n del Parque de la Uni\u00f3n C\u00edvica Radical hicieron entrega de una bandera de ceremonia a la Polic\u00eda Local de nuestra ciudad. El acto fue acompa\u00f1ado por las autoridades de la fuerza, funcionarios municipales y concejales.<\/p>\n<p>  La entidad no contaba hasta el momento con un estandarte propio y fue all\u00ed donde se gest\u00f3 la sesi\u00f3n de la bandera que ahora portar\u00e1 el abanderado de la Polic\u00eda Local.<\/p>\n<p>  La misma fue entregada a la polic\u00eda designada abanderada, la Oficial Erika Caba\u00f1a, los escoltas fueron el Oficial Carlos Debito y el Oficial Juan Ignacio Leones.<\/p>\n<p>Fuente: San Pedro Informa<\/p>\n","protected":false},"excerpt":{"rendered":"<p>El acto se realiz\u00f3 el lunes por la noche en el Sal\u00f3n Dorado de la Municipalidad de San Pedro con la presencia de varios funcionarios. Mediante una ceremonia desarrollada en el Municipio, los integrantes del Ateneo Revoluci\u00f3n del Parque de la Uni\u00f3n C\u00edvica Radical hicieron entrega de una bandera de ceremonia a la Polic\u00eda Local [&hellip;]<\/p>\n","protected":false},"author":4,"featured_media":38839,"comment_status":"open","ping_status":"closed","sticky":false,"template":"","format":"standard","meta":{"om_disable_all_campaigns":false,"_jetpack_memberships_contains_paid_content":false,"footnotes":""},"categories":[101,2],"tags":[],"class_list":["post-38838","post","type-post","status-publish","format-standard","has-post-thumbnail","hentry","category-interes-general-locales","category-locales"],"aioseo_notices":[],"gutentor_comment":0,"jetpack_featured_media_url":"https:\/\/eldiariodesanpedro.com.ar\/sitio\/wp-content\/uploads\/2018\/08\/Abanderada-y-escoltas-con-la-nueva-bandera-de-la-fuerza.jpg","jetpack_shortlink":"https:\/\/wp.me\/p6RhLt-a6q","jetpack_sharing_enabled":true,"_links":{"self":[{"href":"https:\/\/eldiariodesanpedro.com.ar\/sitio\/wp-json\/wp\/v2\/posts\/38838","targetHints":{"allow":["GET"]}}],"collection":[{"href":"https:\/\/eldiariodesanpedro.com.ar\/sitio\/wp-json\/wp\/v2\/posts"}],"about":[{"href":"https:\/\/eldiariodesanpedro.com.ar\/sitio\/wp-json\/wp\/v2\/types\/post"}],"author":[{"embeddable":true,"href":"https:\/\/eldiariodesanpedro.com.ar\/sitio\/wp-json\/wp\/v2\/users\/4"}],"replies":[{"embeddable":true,"href":"https:\/\/eldiariodesanpedro.com.ar\/sitio\/wp-json\/wp\/v2\/comments?post=38838"}],"version-history":[{"count":1,"href":"https:\/\/eldiariodesanpedro.com.ar\/sitio\/wp-json\/wp\/v2\/posts\/38838\/revisions"}],"predecessor-version":[{"id":38842,"href":"https:\/\/eldiariodesanpedro.com.ar\/sitio\/wp-json\/wp\/v2\/posts\/38838\/revisions\/38842"}],"wp:featuredmedia":[{"embeddable":true,"href":"https:\/\/eldiariodesanpedro.com.ar\/sitio\/wp-json\/wp\/v2\/media\/38839"}],"wp:attachment":[{"href":"https:\/\/eldiariodesanpedro.com.ar\/sitio\/wp-json\/wp\/v2\/media?parent=38838"}],"wp:term":[{"taxonomy":"category","embeddable":true,"href":"https:\/\/eldiariodesanpedro.com.ar\/sitio\/wp-json\/wp\/v2\/categories?post=38838"},{"taxonomy":"post_tag","embeddable":true,"href":"https:\/\/eldiariodesanpedro.com.ar\/sitio\/wp-json\/wp\/v2\/tags?post=38838"}],"curies":[{"name":"wp","href":"https:\/\/api.w.org\/{rel}","templated":true}]}}