{"id":38831,"date":"2018-08-22T20:07:11","date_gmt":"2018-08-22T23:07:11","guid":{"rendered":"https:\/\/eldiariodesanpedro.com.ar\/sitio\/?p=38831"},"modified":"2018-08-22T20:07:11","modified_gmt":"2018-08-22T23:07:11","slug":"baradero-rematan-dos-propiedades-de-la-ex-germaiz","status":"publish","type":"post","link":"https:\/\/eldiariodesanpedro.com.ar\/sitio\/baradero-rematan-dos-propiedades-de-la-ex-germaiz\/","title":{"rendered":"BARADERO: Rematan dos propiedades de la ex Germaiz"},"content":{"rendered":"<p><!-- VideographyWP Plugin Message: Automatic video embedding prevented by plugin options. --><br \/>\nLa noticia se conoci\u00f3 hace algunos d\u00edas tras la publicaci\u00f3n del edicto judicial. En el mismo se establece que el 27 de agosto se rematar\u00e1 un departamento y el 12 de septiembre, una casa. Ambas propiedades pertenec\u00edan a la empresa que cerr\u00f3 hace dos a\u00f1os y posteriormente present\u00f3 quiebra.<\/p>\n<p>  El 27 de agosto se rematar\u00e1 un departamento ubicado en torre Bulnes valuado en alrededor de U$S 50.000. Mientras que el 12 de septiembre ser\u00e1 el turno de una vivienda ubicada en O\u00b4Roarke 2350.<\/p>\n<p>  Ernesto Tejera, uno de los ex delegados, habl\u00f3 al respecto en \u201cContacto Directo\u201d. Dijo que \u201cla noticia les lleg\u00f3 el fin de semana y dieron aviso a la abogada de la federaci\u00f3n a la que estaban nucleados\u201d.<\/p>\n<p>  Recordemos que a\u00fan los trabajadores no percibieron los sueldos adeudados por la empresa.<\/p>\n<p>  En virtud de las ventas, Tejera agreg\u00f3 que \u201cprimero con el dinero de las mismas deben pagar a acreedores, AFIP, etc.\u201d. Y agreg\u00f3: \u201cdudo que nosotros recibamos algo de eso\u201d.<\/p>\n<p>Fuente: Tu L\u00ednea Directa<\/p>\n","protected":false},"excerpt":{"rendered":"<p>La noticia se conoci\u00f3 hace algunos d\u00edas tras la publicaci\u00f3n del edicto judicial. En el mismo se establece que el 27 de agosto se rematar\u00e1 un departamento y el 12 de septiembre, una casa. Ambas propiedades pertenec\u00edan a la empresa que cerr\u00f3 hace dos a\u00f1os y posteriormente present\u00f3 quiebra. El 27 de agosto se rematar\u00e1 [&hellip;]<\/p>\n","protected":false},"author":4,"featured_media":38836,"comment_status":"open","ping_status":"closed","sticky":false,"template":"","format":"standard","meta":{"om_disable_all_campaigns":false,"_jetpack_memberships_contains_paid_content":false,"footnotes":""},"categories":[621],"tags":[],"class_list":["post-38831","post","type-post","status-publish","format-standard","has-post-thumbnail","hentry","category-regionales"],"aioseo_notices":[],"gutentor_comment":0,"jetpack_featured_media_url":"https:\/\/eldiariodesanpedro.com.ar\/sitio\/wp-content\/uploads\/2018\/08\/germaiz-Los-trabajadores-aun-no-han-cobrado-haberes-adeudados.jpg","jetpack_shortlink":"https:\/\/wp.me\/p6RhLt-a6j","jetpack_sharing_enabled":true,"_links":{"self":[{"href":"https:\/\/eldiariodesanpedro.com.ar\/sitio\/wp-json\/wp\/v2\/posts\/38831","targetHints":{"allow":["GET"]}}],"collection":[{"href":"https:\/\/eldiariodesanpedro.com.ar\/sitio\/wp-json\/wp\/v2\/posts"}],"about":[{"href":"https:\/\/eldiariodesanpedro.com.ar\/sitio\/wp-json\/wp\/v2\/types\/post"}],"author":[{"embeddable":true,"href":"https:\/\/eldiariodesanpedro.com.ar\/sitio\/wp-json\/wp\/v2\/users\/4"}],"replies":[{"embeddable":true,"href":"https:\/\/eldiariodesanpedro.com.ar\/sitio\/wp-json\/wp\/v2\/comments?post=38831"}],"version-history":[{"count":1,"href":"https:\/\/eldiariodesanpedro.com.ar\/sitio\/wp-json\/wp\/v2\/posts\/38831\/revisions"}],"predecessor-version":[{"id":38837,"href":"https:\/\/eldiariodesanpedro.com.ar\/sitio\/wp-json\/wp\/v2\/posts\/38831\/revisions\/38837"}],"wp:featuredmedia":[{"embeddable":true,"href":"https:\/\/eldiariodesanpedro.com.ar\/sitio\/wp-json\/wp\/v2\/media\/38836"}],"wp:attachment":[{"href":"https:\/\/eldiariodesanpedro.com.ar\/sitio\/wp-json\/wp\/v2\/media?parent=38831"}],"wp:term":[{"taxonomy":"category","embeddable":true,"href":"https:\/\/eldiariodesanpedro.com.ar\/sitio\/wp-json\/wp\/v2\/categories?post=38831"},{"taxonomy":"post_tag","embeddable":true,"href":"https:\/\/eldiariodesanpedro.com.ar\/sitio\/wp-json\/wp\/v2\/tags?post=38831"}],"curies":[{"name":"wp","href":"https:\/\/api.w.org\/{rel}","templated":true}]}}