{"id":38830,"date":"2018-08-22T20:05:30","date_gmt":"2018-08-22T23:05:30","guid":{"rendered":"https:\/\/eldiariodesanpedro.com.ar\/sitio\/?p=38830"},"modified":"2018-08-22T20:05:30","modified_gmt":"2018-08-22T23:05:30","slug":"san-nicolas-continua-la-busqueda-de-una-joven-de-22-anos","status":"publish","type":"post","link":"https:\/\/eldiariodesanpedro.com.ar\/sitio\/san-nicolas-continua-la-busqueda-de-una-joven-de-22-anos\/","title":{"rendered":"SAN NICOL\u00c1S: Contin\u00faa la b\u00fasqueda de una joven de 22 a\u00f1os"},"content":{"rendered":"<p><!-- VideographyWP Plugin Message: Automatic video embedding prevented by plugin options. --><br \/>\nSe desconoce el paradero de una joven mayor de edad, su madre realiz\u00f3 la denuncia de su desaparici\u00f3n para activar su b\u00fasqueda.<\/p>\n<p>  Una mujer denunci\u00f3 en sede policial que desconoce el paradero de su hija mayor de edad. La denunciante explic\u00f3 que la joven de 22 a\u00f1os, identificada como Sof\u00eda Bel\u00e9n Duarte se fue de la casa el pasado 20 de julio luego de tener problemas de convivencia.<\/p>\n<p>  La madre sigui\u00f3 vi\u00e9ndola en el barrio, pero el pasado 8 de agosto le perdi\u00f3 el rastro. La polic\u00eda solicita la colaboraci\u00f3n de la comunidad para dar con el paradero de Duarte, quien posee problemas de adicci\u00f3n.<\/p>\n<p>Fuente: Diario El Norte<\/p>\n","protected":false},"excerpt":{"rendered":"<p>Se desconoce el paradero de una joven mayor de edad, su madre realiz\u00f3 la denuncia de su desaparici\u00f3n para activar su b\u00fasqueda. Una mujer denunci\u00f3 en sede policial que desconoce el paradero de su hija mayor de edad. La denunciante explic\u00f3 que la joven de 22 a\u00f1os, identificada como Sof\u00eda Bel\u00e9n Duarte se fue de [&hellip;]<\/p>\n","protected":false},"author":4,"featured_media":38833,"comment_status":"open","ping_status":"closed","sticky":false,"template":"","format":"standard","meta":{"om_disable_all_campaigns":false,"_jetpack_memberships_contains_paid_content":false,"footnotes":""},"categories":[621],"tags":[],"class_list":["post-38830","post","type-post","status-publish","format-standard","has-post-thumbnail","hentry","category-regionales"],"aioseo_notices":[],"gutentor_comment":0,"jetpack_featured_media_url":"https:\/\/eldiariodesanpedro.com.ar\/sitio\/wp-content\/uploads\/2018\/08\/Sofia-Belen-Duarte-.jpg","jetpack_shortlink":"https:\/\/wp.me\/p6RhLt-a6i","jetpack_sharing_enabled":true,"_links":{"self":[{"href":"https:\/\/eldiariodesanpedro.com.ar\/sitio\/wp-json\/wp\/v2\/posts\/38830","targetHints":{"allow":["GET"]}}],"collection":[{"href":"https:\/\/eldiariodesanpedro.com.ar\/sitio\/wp-json\/wp\/v2\/posts"}],"about":[{"href":"https:\/\/eldiariodesanpedro.com.ar\/sitio\/wp-json\/wp\/v2\/types\/post"}],"author":[{"embeddable":true,"href":"https:\/\/eldiariodesanpedro.com.ar\/sitio\/wp-json\/wp\/v2\/users\/4"}],"replies":[{"embeddable":true,"href":"https:\/\/eldiariodesanpedro.com.ar\/sitio\/wp-json\/wp\/v2\/comments?post=38830"}],"version-history":[{"count":1,"href":"https:\/\/eldiariodesanpedro.com.ar\/sitio\/wp-json\/wp\/v2\/posts\/38830\/revisions"}],"predecessor-version":[{"id":38835,"href":"https:\/\/eldiariodesanpedro.com.ar\/sitio\/wp-json\/wp\/v2\/posts\/38830\/revisions\/38835"}],"wp:featuredmedia":[{"embeddable":true,"href":"https:\/\/eldiariodesanpedro.com.ar\/sitio\/wp-json\/wp\/v2\/media\/38833"}],"wp:attachment":[{"href":"https:\/\/eldiariodesanpedro.com.ar\/sitio\/wp-json\/wp\/v2\/media?parent=38830"}],"wp:term":[{"taxonomy":"category","embeddable":true,"href":"https:\/\/eldiariodesanpedro.com.ar\/sitio\/wp-json\/wp\/v2\/categories?post=38830"},{"taxonomy":"post_tag","embeddable":true,"href":"https:\/\/eldiariodesanpedro.com.ar\/sitio\/wp-json\/wp\/v2\/tags?post=38830"}],"curies":[{"name":"wp","href":"https:\/\/api.w.org\/{rel}","templated":true}]}}