{"id":38829,"date":"2018-08-22T20:03:56","date_gmt":"2018-08-22T23:03:56","guid":{"rendered":"https:\/\/eldiariodesanpedro.com.ar\/sitio\/?p=38829"},"modified":"2018-08-22T20:03:56","modified_gmt":"2018-08-22T23:03:56","slug":"ramallo-trabajadores-despedidos-de-bunge-arreglaron-un-15-mas-de-indemnizacion","status":"publish","type":"post","link":"https:\/\/eldiariodesanpedro.com.ar\/sitio\/ramallo-trabajadores-despedidos-de-bunge-arreglaron-un-15-mas-de-indemnizacion\/","title":{"rendered":"RAMALLO: Trabajadores despedidos de Bunge arreglaron un 15% m\u00e1s de indemnizaci\u00f3n"},"content":{"rendered":"<p><!-- VideographyWP Plugin Message: Automatic video embedding prevented by plugin options. --><br \/>\nAunque la conciliaci\u00f3n obligatoria con los trabajadores de ese sector que fueron echados finaliza el viernes, se pudo saber que 17 de 20 ya han firmado la \u00faltima propuesta que incluye un 15 por ciento m\u00e1s de indemnizaci\u00f3n y conservar la obra social hasta febrero del a\u00f1o pr\u00f3ximo.<\/p>\n<p>  Esta semana finalizar\u00e1n las dos conciliaciones obligatorias dictadas por el Ministerio de Trabajo por los conflictos en las plantas de fertilizantes y aceiteros de Bunge Ramallo, pero en las audiencias que se fueron realizando en este tiempo con los representantes de la empresa y del Sindicato Qu\u00edmico, se pudo saber que diecisiete de los veinte que perdieron el trabajo en la planta de fertilizantes firmaron en acuerdo la propuesta de recibir un 15 por ciento extra de indemnizaci\u00f3n y la posibilidad de conservar la obra social hasta febrero del a\u00f1o pr\u00f3ximo. La \u00faltima reuni\u00f3n se llevar\u00e1 a cabo el jueves de esta semana.<\/p>\n<p>  En el caso de los aceiteros, la conciliaci\u00f3n se extendi\u00f3 una semana m\u00e1s, pero en el camino otros tres trabajadores de puestos jer\u00e1rquicos fueron despedidos.<\/p>\n<p>Fuente: Meta FM<\/p>\n","protected":false},"excerpt":{"rendered":"<p>Aunque la conciliaci\u00f3n obligatoria con los trabajadores de ese sector que fueron echados finaliza el viernes, se pudo saber que 17 de 20 ya han firmado la \u00faltima propuesta que incluye un 15 por ciento m\u00e1s de indemnizaci\u00f3n y conservar la obra social hasta febrero del a\u00f1o pr\u00f3ximo. Esta semana finalizar\u00e1n las dos conciliaciones obligatorias [&hellip;]<\/p>\n","protected":false},"author":4,"featured_media":38832,"comment_status":"open","ping_status":"closed","sticky":false,"template":"","format":"standard","meta":{"om_disable_all_campaigns":false,"_jetpack_memberships_contains_paid_content":false,"footnotes":""},"categories":[621],"tags":[],"class_list":["post-38829","post","type-post","status-publish","format-standard","has-post-thumbnail","hentry","category-regionales"],"aioseo_notices":[],"gutentor_comment":0,"jetpack_featured_media_url":"https:\/\/eldiariodesanpedro.com.ar\/sitio\/wp-content\/uploads\/2018\/08\/bunge.jpg","jetpack_shortlink":"https:\/\/wp.me\/p6RhLt-a6h","jetpack_sharing_enabled":true,"_links":{"self":[{"href":"https:\/\/eldiariodesanpedro.com.ar\/sitio\/wp-json\/wp\/v2\/posts\/38829","targetHints":{"allow":["GET"]}}],"collection":[{"href":"https:\/\/eldiariodesanpedro.com.ar\/sitio\/wp-json\/wp\/v2\/posts"}],"about":[{"href":"https:\/\/eldiariodesanpedro.com.ar\/sitio\/wp-json\/wp\/v2\/types\/post"}],"author":[{"embeddable":true,"href":"https:\/\/eldiariodesanpedro.com.ar\/sitio\/wp-json\/wp\/v2\/users\/4"}],"replies":[{"embeddable":true,"href":"https:\/\/eldiariodesanpedro.com.ar\/sitio\/wp-json\/wp\/v2\/comments?post=38829"}],"version-history":[{"count":1,"href":"https:\/\/eldiariodesanpedro.com.ar\/sitio\/wp-json\/wp\/v2\/posts\/38829\/revisions"}],"predecessor-version":[{"id":38834,"href":"https:\/\/eldiariodesanpedro.com.ar\/sitio\/wp-json\/wp\/v2\/posts\/38829\/revisions\/38834"}],"wp:featuredmedia":[{"embeddable":true,"href":"https:\/\/eldiariodesanpedro.com.ar\/sitio\/wp-json\/wp\/v2\/media\/38832"}],"wp:attachment":[{"href":"https:\/\/eldiariodesanpedro.com.ar\/sitio\/wp-json\/wp\/v2\/media?parent=38829"}],"wp:term":[{"taxonomy":"category","embeddable":true,"href":"https:\/\/eldiariodesanpedro.com.ar\/sitio\/wp-json\/wp\/v2\/categories?post=38829"},{"taxonomy":"post_tag","embeddable":true,"href":"https:\/\/eldiariodesanpedro.com.ar\/sitio\/wp-json\/wp\/v2\/tags?post=38829"}],"curies":[{"name":"wp","href":"https:\/\/api.w.org\/{rel}","templated":true}]}}