{"id":38823,"date":"2018-08-22T19:35:41","date_gmt":"2018-08-22T22:35:41","guid":{"rendered":"https:\/\/eldiariodesanpedro.com.ar\/sitio\/?p=38823"},"modified":"2018-08-22T19:44:26","modified_gmt":"2018-08-22T22:44:26","slug":"el-agente-de-la-federal-denunciado-podria-ser-expulsado-de-la-fuerza","status":"publish","type":"post","link":"https:\/\/eldiariodesanpedro.com.ar\/sitio\/el-agente-de-la-federal-denunciado-podria-ser-expulsado-de-la-fuerza\/","title":{"rendered":"El Agente de la Federal denunciado, podr\u00eda ser expulsado de la fuerza"},"content":{"rendered":"<p><!-- VideographyWP Plugin Message: Automatic video embedding prevented by plugin options. --><br \/>\nEn la madrugada del s\u00e1bado, una mujer de 40 a\u00f1os de edad, oriunda de Baradero, dej\u00f3 asentado en la Fiscal\u00eda que fue intimidada por dos agentes de la Federal, seg\u00fan les dec\u00edan ellos, donde la invitaban a drogarse y a la hija que se encontraba con ella, la habr\u00edan manoseado; ademas, les daban a elegir entre ir con ellos a una vivienda o quedar detenidas. La denunciante presento un v\u00eddeo en la causa.<\/p>\n<p>Ademas hizo un posteo en una red social donde revela la identidad de los mismo.<\/p>\n<p><iframe style=\"border: none; overflow: hidden;\" data-src=\"https:\/\/www.facebook.com\/plugins\/post.php?href=https%3A%2F%2Fwww.facebook.com%2Fkaren.LGg%2Fposts%2F678147529184927&amp;width=500\" width=\"500\" height=\"662\" frameborder=\"0\" scrolling=\"no\" src=\"data:image\/svg+xml;base64,PHN2ZyB3aWR0aD0iMSIgaGVpZ2h0PSIxIiB4bWxucz0iaHR0cDovL3d3dy53My5vcmcvMjAwMC9zdmciPjwvc3ZnPg==\" class=\"lazyload\" data-load-mode=\"1\"><\/iframe><\/p>\n<p>La denuncia fue realizada por abuso de autoridad, abuso sexual y disparos de arma de fuego; porque la victima asegura que esa madrugada, luego de salir de un local bailable con su hija, al parar en una estaci\u00f3n de servicio, fue abordada por estos dos hombres que, seg\u00fan relat\u00f3, se identificaron como efectivos de la Polic\u00eda Federal y al no conseguir lo que quer\u00edan de parte de las mujeres, las mismas vuelven a la ciudad vecina, cuando\u00a0 en el trayecto,\u00a0 recibieron un disparo de arma de fuego en uno de los neum\u00e1ticos, seg\u00fan consta la denuncia.<\/p>\n<p>Seg\u00fan los v\u00eddeos y las pruebas que presento la baradense, se pudo identificar a solo uno de ellos como efectivo de la fuerza, Leonardo Esquivel, que hace unos d\u00edas estuvo reunido en el despacho del Jefe Comunal junto al Comisario Marcelo Morales, quien tiene a su cargo la cabecera regional de la Polic\u00eda Federal y miembros de su gabinete, entre ellos los Secretario de Gobierno, Silvio Corti; el Secretario de Seguridad, Eduardo Roleri; y el director de Coordinaci\u00f3n de Polic\u00edas, Juan Carlos Ag\u00fcero. En ese encuentro las partes acordaron trabajar en conjunto mediante procedimientos especiales contra el delito en la regi\u00f3n.<\/p>\n<p>Hoy Esquivel fue puesto a disponibilidad mientras se desarrolla el proceso de investigaci\u00f3n acerca de su participaci\u00f3n, de esta manera el pr\u00f3ximo paso puede ser la expulsi\u00f3n de la fuerza.<\/p>\n<p>&nbsp;<\/p>\n","protected":false},"excerpt":{"rendered":"<p>En la madrugada del s\u00e1bado, una mujer de 40 a\u00f1os de edad, oriunda de Baradero, dej\u00f3 asentado en la Fiscal\u00eda que fue intimidada por dos agentes de la Federal, seg\u00fan les dec\u00edan ellos, donde la invitaban a drogarse y a la hija que se encontraba con ella, la habr\u00edan manoseado; ademas, les daban a elegir [&hellip;]<\/p>\n","protected":false},"author":4,"featured_media":38824,"comment_status":"open","ping_status":"closed","sticky":false,"template":"","format":"standard","meta":{"om_disable_all_campaigns":false,"_jetpack_memberships_contains_paid_content":false,"footnotes":""},"categories":[50,2,103],"tags":[],"class_list":["post-38823","post","type-post","status-publish","format-standard","has-post-thumbnail","hentry","category-destacadas","category-locales","category-policiales-locales"],"aioseo_notices":[],"gutentor_comment":1,"jetpack_featured_media_url":"https:\/\/eldiariodesanpedro.com.ar\/sitio\/wp-content\/uploads\/2018\/08\/39891522_1941699209223932_6050166360808357888_n.jpg","jetpack_shortlink":"https:\/\/wp.me\/p6RhLt-a6b","jetpack_sharing_enabled":true,"_links":{"self":[{"href":"https:\/\/eldiariodesanpedro.com.ar\/sitio\/wp-json\/wp\/v2\/posts\/38823","targetHints":{"allow":["GET"]}}],"collection":[{"href":"https:\/\/eldiariodesanpedro.com.ar\/sitio\/wp-json\/wp\/v2\/posts"}],"about":[{"href":"https:\/\/eldiariodesanpedro.com.ar\/sitio\/wp-json\/wp\/v2\/types\/post"}],"author":[{"embeddable":true,"href":"https:\/\/eldiariodesanpedro.com.ar\/sitio\/wp-json\/wp\/v2\/users\/4"}],"replies":[{"embeddable":true,"href":"https:\/\/eldiariodesanpedro.com.ar\/sitio\/wp-json\/wp\/v2\/comments?post=38823"}],"version-history":[{"count":3,"href":"https:\/\/eldiariodesanpedro.com.ar\/sitio\/wp-json\/wp\/v2\/posts\/38823\/revisions"}],"predecessor-version":[{"id":38827,"href":"https:\/\/eldiariodesanpedro.com.ar\/sitio\/wp-json\/wp\/v2\/posts\/38823\/revisions\/38827"}],"wp:featuredmedia":[{"embeddable":true,"href":"https:\/\/eldiariodesanpedro.com.ar\/sitio\/wp-json\/wp\/v2\/media\/38824"}],"wp:attachment":[{"href":"https:\/\/eldiariodesanpedro.com.ar\/sitio\/wp-json\/wp\/v2\/media?parent=38823"}],"wp:term":[{"taxonomy":"category","embeddable":true,"href":"https:\/\/eldiariodesanpedro.com.ar\/sitio\/wp-json\/wp\/v2\/categories?post=38823"},{"taxonomy":"post_tag","embeddable":true,"href":"https:\/\/eldiariodesanpedro.com.ar\/sitio\/wp-json\/wp\/v2\/tags?post=38823"}],"curies":[{"name":"wp","href":"https:\/\/api.w.org\/{rel}","templated":true}]}}