{"id":38815,"date":"2018-08-22T09:51:50","date_gmt":"2018-08-22T12:51:50","guid":{"rendered":"https:\/\/eldiariodesanpedro.com.ar\/sitio\/?p=38815"},"modified":"2018-08-22T09:51:50","modified_gmt":"2018-08-22T12:51:50","slug":"una-mujer-asaltada-mientras-esperaba-entrar-a-un-consultorio","status":"publish","type":"post","link":"https:\/\/eldiariodesanpedro.com.ar\/sitio\/una-mujer-asaltada-mientras-esperaba-entrar-a-un-consultorio\/","title":{"rendered":"Una mujer asaltada mientras esperaba entrar a un consultorio"},"content":{"rendered":"<p><!-- VideographyWP Plugin Message: Automatic video embedding prevented by plugin options. --><br \/>\nUna ciudadana de 43 a\u00f1os de edad, denuncio en la Dependencia Local, que momentos en que se encontraba esperando que habr\u00e1 un consultorio m\u00e9dico ubicado en calle  Uruguay al 2060, es abordada por dos delincuentes quienes tras intimidaci\u00f3n verbal y apunt\u00e1ndola con un arma de fuego, le sustraen elemento de su poder, d\u00e1ndose a la fuga del lugar.<\/p>\n","protected":false},"excerpt":{"rendered":"<p>Una ciudadana de 43 a\u00f1os de edad, denuncio en la Dependencia Local, que momentos en que se encontraba esperando que habr\u00e1 un consultorio m\u00e9dico ubicado en calle Uruguay al 2060, es abordada por dos delincuentes quienes tras intimidaci\u00f3n verbal y apunt\u00e1ndola con un arma de fuego, le sustraen elemento de su poder, d\u00e1ndose a la [&hellip;]<\/p>\n","protected":false},"author":4,"featured_media":24562,"comment_status":"open","ping_status":"closed","sticky":false,"template":"","format":"standard","meta":{"om_disable_all_campaigns":false,"_jetpack_memberships_contains_paid_content":false,"footnotes":""},"categories":[2,103],"tags":[],"class_list":["post-38815","post","type-post","status-publish","format-standard","has-post-thumbnail","hentry","category-locales","category-policiales-locales"],"aioseo_notices":[],"gutentor_comment":0,"jetpack_featured_media_url":"https:\/\/eldiariodesanpedro.com.ar\/sitio\/wp-content\/uploads\/2017\/10\/policia-patrulla-noche.jpg","jetpack_shortlink":"https:\/\/wp.me\/p6RhLt-a63","jetpack_sharing_enabled":true,"_links":{"self":[{"href":"https:\/\/eldiariodesanpedro.com.ar\/sitio\/wp-json\/wp\/v2\/posts\/38815","targetHints":{"allow":["GET"]}}],"collection":[{"href":"https:\/\/eldiariodesanpedro.com.ar\/sitio\/wp-json\/wp\/v2\/posts"}],"about":[{"href":"https:\/\/eldiariodesanpedro.com.ar\/sitio\/wp-json\/wp\/v2\/types\/post"}],"author":[{"embeddable":true,"href":"https:\/\/eldiariodesanpedro.com.ar\/sitio\/wp-json\/wp\/v2\/users\/4"}],"replies":[{"embeddable":true,"href":"https:\/\/eldiariodesanpedro.com.ar\/sitio\/wp-json\/wp\/v2\/comments?post=38815"}],"version-history":[{"count":1,"href":"https:\/\/eldiariodesanpedro.com.ar\/sitio\/wp-json\/wp\/v2\/posts\/38815\/revisions"}],"predecessor-version":[{"id":38816,"href":"https:\/\/eldiariodesanpedro.com.ar\/sitio\/wp-json\/wp\/v2\/posts\/38815\/revisions\/38816"}],"wp:featuredmedia":[{"embeddable":true,"href":"https:\/\/eldiariodesanpedro.com.ar\/sitio\/wp-json\/wp\/v2\/media\/24562"}],"wp:attachment":[{"href":"https:\/\/eldiariodesanpedro.com.ar\/sitio\/wp-json\/wp\/v2\/media?parent=38815"}],"wp:term":[{"taxonomy":"category","embeddable":true,"href":"https:\/\/eldiariodesanpedro.com.ar\/sitio\/wp-json\/wp\/v2\/categories?post=38815"},{"taxonomy":"post_tag","embeddable":true,"href":"https:\/\/eldiariodesanpedro.com.ar\/sitio\/wp-json\/wp\/v2\/tags?post=38815"}],"curies":[{"name":"wp","href":"https:\/\/api.w.org\/{rel}","templated":true}]}}