{"id":38810,"date":"2018-08-22T09:41:57","date_gmt":"2018-08-22T12:41:57","guid":{"rendered":"https:\/\/eldiariodesanpedro.com.ar\/sitio\/?p=38810"},"modified":"2018-08-22T09:41:57","modified_gmt":"2018-08-22T12:41:57","slug":"un-taxista-fue-asaltado-y-golpeado-por-un-delincuente","status":"publish","type":"post","link":"https:\/\/eldiariodesanpedro.com.ar\/sitio\/un-taxista-fue-asaltado-y-golpeado-por-un-delincuente\/","title":{"rendered":"Un taxista fue asaltado y golpeado por un delincuente"},"content":{"rendered":"<p><!-- VideographyWP Plugin Message: Automatic video embedding prevented by plugin options. --><br \/>\nEste martes por la noche, personal policial toma conocimiento de un ciudadano mayor de 60 a\u00f1os de edad, que hab\u00eda ingresado herido a la guardia del Hospital.<\/p>\n<p>Tras receptar declaraci\u00f3n al hombre, cuenta que estaba trabajando de taxista cuando un pasajero le propina un golpe con un elemento contundente en la cabeza para robarle, ocasion\u00e1ndole una herida en el cuero cabelludo, logrando sustraerle el dinero que hab\u00eda recaudado en el d\u00eda y su tel\u00e9fono celular, d\u00e1ndose a la fuga r\u00e1pidamente.<\/p>\n<p>El m\u00e9dico de guardia dictamino lesiones de car\u00e1cter leve para con la victima y toma intervenci\u00f3n la UFI N\u00b0 5 <\/p>\n","protected":false},"excerpt":{"rendered":"<p>Este martes por la noche, personal policial toma conocimiento de un ciudadano mayor de 60 a\u00f1os de edad, que hab\u00eda ingresado herido a la guardia del Hospital. Tras receptar declaraci\u00f3n al hombre, cuenta que estaba trabajando de taxista cuando un pasajero le propina un golpe con un elemento contundente en la cabeza para robarle, ocasion\u00e1ndole [&hellip;]<\/p>\n","protected":false},"author":4,"featured_media":38812,"comment_status":"open","ping_status":"closed","sticky":false,"template":"","format":"standard","meta":{"om_disable_all_campaigns":false,"_jetpack_memberships_contains_paid_content":false,"footnotes":""},"categories":[2,103],"tags":[],"class_list":["post-38810","post","type-post","status-publish","format-standard","has-post-thumbnail","hentry","category-locales","category-policiales-locales"],"aioseo_notices":[],"gutentor_comment":0,"jetpack_featured_media_url":"https:\/\/eldiariodesanpedro.com.ar\/sitio\/wp-content\/uploads\/2018\/08\/multimedia.normal.84a997ec9362ef66.526f626f746178697374615f6e6f726d616c2e6a7067.jpg","jetpack_shortlink":"https:\/\/wp.me\/p6RhLt-a5Y","jetpack_sharing_enabled":true,"_links":{"self":[{"href":"https:\/\/eldiariodesanpedro.com.ar\/sitio\/wp-json\/wp\/v2\/posts\/38810","targetHints":{"allow":["GET"]}}],"collection":[{"href":"https:\/\/eldiariodesanpedro.com.ar\/sitio\/wp-json\/wp\/v2\/posts"}],"about":[{"href":"https:\/\/eldiariodesanpedro.com.ar\/sitio\/wp-json\/wp\/v2\/types\/post"}],"author":[{"embeddable":true,"href":"https:\/\/eldiariodesanpedro.com.ar\/sitio\/wp-json\/wp\/v2\/users\/4"}],"replies":[{"embeddable":true,"href":"https:\/\/eldiariodesanpedro.com.ar\/sitio\/wp-json\/wp\/v2\/comments?post=38810"}],"version-history":[{"count":1,"href":"https:\/\/eldiariodesanpedro.com.ar\/sitio\/wp-json\/wp\/v2\/posts\/38810\/revisions"}],"predecessor-version":[{"id":38814,"href":"https:\/\/eldiariodesanpedro.com.ar\/sitio\/wp-json\/wp\/v2\/posts\/38810\/revisions\/38814"}],"wp:featuredmedia":[{"embeddable":true,"href":"https:\/\/eldiariodesanpedro.com.ar\/sitio\/wp-json\/wp\/v2\/media\/38812"}],"wp:attachment":[{"href":"https:\/\/eldiariodesanpedro.com.ar\/sitio\/wp-json\/wp\/v2\/media?parent=38810"}],"wp:term":[{"taxonomy":"category","embeddable":true,"href":"https:\/\/eldiariodesanpedro.com.ar\/sitio\/wp-json\/wp\/v2\/categories?post=38810"},{"taxonomy":"post_tag","embeddable":true,"href":"https:\/\/eldiariodesanpedro.com.ar\/sitio\/wp-json\/wp\/v2\/tags?post=38810"}],"curies":[{"name":"wp","href":"https:\/\/api.w.org\/{rel}","templated":true}]}}