{"id":38800,"date":"2018-08-22T08:45:29","date_gmt":"2018-08-22T11:45:29","guid":{"rendered":"https:\/\/eldiariodesanpedro.com.ar\/sitio\/?p=38800"},"modified":"2018-08-22T08:45:29","modified_gmt":"2018-08-22T11:45:29","slug":"allanamiento-positivo-por-el-robo-al-autoservicio-los-pinos-y-una-persona-aprehendida","status":"publish","type":"post","link":"https:\/\/eldiariodesanpedro.com.ar\/sitio\/allanamiento-positivo-por-el-robo-al-autoservicio-los-pinos-y-una-persona-aprehendida\/","title":{"rendered":"Allanamiento positivo por el robo al Autoservicio \u00abLos Pinos\u00bb y una persona aprehendida"},"content":{"rendered":"<p><!-- VideographyWP Plugin Message: Automatic video embedding prevented by plugin options. --><br \/>\nEste martes por la noche, en relaci\u00f3n al hecho de robo agravado ocurrido la semana pasada en el Autoservicio \u00abLos Pinos\u00bb,  se realiz\u00f3 una diligencia de allanamiento en una vivienda ubicada sobre  calle La Laguna AL 1900; all\u00ed se aprehendi\u00f3 a un joven de 26 a\u00f1os, con antecedentes,  secuestrandole en su poder un celular coincidente con el sustra\u00eddo y una pistola 45, mas proyectiles calibre 45 . <\/p>\n<p>Recordemos que por segunda vez en el mes, el Autoservicio  ubicado en calle Lucio Mansilla y Miguel Porta, fue asaltado por delincuentes; el hecho en relaci\u00f3n al allanamiento ocurri\u00f3 este sabado por la noche, cuando dos encapuchados, bajan de la motocicleta en que circulaban e ingresan al comercio con un arma de fuego y con las caras cubiertas.<\/p>\n<p>En el interior intimidad a la cajera, a quien la apuntan con el arma, le piden que les de el dinero que hab\u00eda en la caja registradora y justo a un cliente que se encontraba en el lugar, le sustraen sus pertenencias para luego darse r\u00e1pidamente a la fuga.<\/p>\n<p>Interviene la UFI N\u00b05<\/p>\n","protected":false},"excerpt":{"rendered":"<p>Este martes por la noche, en relaci\u00f3n al hecho de robo agravado ocurrido la semana pasada en el Autoservicio \u00abLos Pinos\u00bb, se realiz\u00f3 una diligencia de allanamiento en una vivienda ubicada sobre calle La Laguna AL 1900; all\u00ed se aprehendi\u00f3 a un joven de 26 a\u00f1os, con antecedentes, secuestrandole en su poder un celular coincidente [&hellip;]<\/p>\n","protected":false},"author":4,"featured_media":38802,"comment_status":"open","ping_status":"closed","sticky":false,"template":"","format":"standard","meta":{"om_disable_all_campaigns":false,"_jetpack_memberships_contains_paid_content":false,"footnotes":""},"categories":[50,2,103],"tags":[],"class_list":["post-38800","post","type-post","status-publish","format-standard","has-post-thumbnail","hentry","category-destacadas","category-locales","category-policiales-locales"],"aioseo_notices":[],"gutentor_comment":0,"jetpack_featured_media_url":"https:\/\/eldiariodesanpedro.com.ar\/sitio\/wp-content\/uploads\/2018\/08\/WhatsApp-Image-2018-08-22-at-08.30.05.jpeg","jetpack_shortlink":"https:\/\/wp.me\/p6RhLt-a5O","jetpack_sharing_enabled":true,"_links":{"self":[{"href":"https:\/\/eldiariodesanpedro.com.ar\/sitio\/wp-json\/wp\/v2\/posts\/38800","targetHints":{"allow":["GET"]}}],"collection":[{"href":"https:\/\/eldiariodesanpedro.com.ar\/sitio\/wp-json\/wp\/v2\/posts"}],"about":[{"href":"https:\/\/eldiariodesanpedro.com.ar\/sitio\/wp-json\/wp\/v2\/types\/post"}],"author":[{"embeddable":true,"href":"https:\/\/eldiariodesanpedro.com.ar\/sitio\/wp-json\/wp\/v2\/users\/4"}],"replies":[{"embeddable":true,"href":"https:\/\/eldiariodesanpedro.com.ar\/sitio\/wp-json\/wp\/v2\/comments?post=38800"}],"version-history":[{"count":1,"href":"https:\/\/eldiariodesanpedro.com.ar\/sitio\/wp-json\/wp\/v2\/posts\/38800\/revisions"}],"predecessor-version":[{"id":38803,"href":"https:\/\/eldiariodesanpedro.com.ar\/sitio\/wp-json\/wp\/v2\/posts\/38800\/revisions\/38803"}],"wp:featuredmedia":[{"embeddable":true,"href":"https:\/\/eldiariodesanpedro.com.ar\/sitio\/wp-json\/wp\/v2\/media\/38802"}],"wp:attachment":[{"href":"https:\/\/eldiariodesanpedro.com.ar\/sitio\/wp-json\/wp\/v2\/media?parent=38800"}],"wp:term":[{"taxonomy":"category","embeddable":true,"href":"https:\/\/eldiariodesanpedro.com.ar\/sitio\/wp-json\/wp\/v2\/categories?post=38800"},{"taxonomy":"post_tag","embeddable":true,"href":"https:\/\/eldiariodesanpedro.com.ar\/sitio\/wp-json\/wp\/v2\/tags?post=38800"}],"curies":[{"name":"wp","href":"https:\/\/api.w.org\/{rel}","templated":true}]}}