{"id":38794,"date":"2018-08-21T20:41:33","date_gmt":"2018-08-21T23:41:33","guid":{"rendered":"https:\/\/eldiariodesanpedro.com.ar\/sitio\/?p=38794"},"modified":"2026-01-24T00:11:11","modified_gmt":"2026-01-24T03:11:11","slug":"futbol-de-la-liga-mitre-igualo-con-las-palmeras-y-fundicion-tras-dos-anos-pudo-ganar-un-partido","status":"publish","type":"post","link":"https:\/\/eldiariodesanpedro.com.ar\/sitio\/futbol-de-la-liga-mitre-igualo-con-las-palmeras-y-fundicion-tras-dos-anos-pudo-ganar-un-partido\/","title":{"rendered":"F\u00daTBOL DE LA LIGA: Mitre igual\u00f3 con Las Palmeras y Fundici\u00f3n, tras dos a\u00f1os, pudo ganar un partido"},"content":{"rendered":"<p><!-- VideographyWP Plugin Message: Automatic video embedding prevented by plugin options. --><br \/>\n  S\u00f3lo se jug\u00f3 en tres canchas durante el fin de semana largo debido a la lluvia del s\u00e1bado. La Esperanza con Banfield s\u00f3lo jugaron en inferiores y no llegaron a hacerlo con Primera -va el s\u00e1bado a las 15:30 horas-, Mitre y Las Palmeras igualaron 1-1, imponi\u00e9ndose Mitre en Quinta: Mitre 3 &#8211; Las Palmeras 0; Cuarta: Mitre 5 &#8211; Las Palmeras 0; Tercera: Mitre 0 &#8211; Las Palmeras 0; Sub 21: Mitre 4 &#8211; Las Palmeras 0.<\/p>\n<p>  La Esperanza-Banfield lo hicieron de quinta a Sub 21 con estos resultados:<br \/>\n Quinta: La Esperanza 0 &#8211; Banfield 0; Cuarta: La Esperanza 4 &#8211; Banfield 0; Tercera: La Esperanza 3 &#8211; Banfield 0; Sub 21: La Esperanza 1 &#8211; Banfield 1. No llegaron a jugar con mayores, el \u00e1rbitro Damian Bertolini entendi\u00f3 que la cancha no estaba en condiciones para soportar un partido bajo la lluvia. <\/p>\n<p><em>  As\u00ed se jugar\u00e1 entre s\u00e1bado y domingo:<\/em><\/p>\n<p><strong>Zona A<\/strong><br \/>\nParan\u00e1 FC vs. Agricultores Club (domingo 26 de agosto)<br \/>\n(Quinta: 10:30\/Cuarta: 11:45\/Tercera: 13:00\/Sub 21: 14:30\/Primera: 16:15)<br \/>\nSportivo vs. Am\u00e9rica (domingo 26 de agosto)<br \/>\n(Quinta: 11:00\/Cuarta: 12:15\/Tercera: 13:30\/Sub 21: 15:00\/Primera: 16:45)<br \/>\nLa Esperanza vs. Banfield (s\u00e1bado 25 de agosto)<br \/>\n(Primera: 15:30)<\/p>\n<p><strong>Zona B<\/strong><br \/>\nDep. Alsina vs. Rivadavia (domingo 19 de agosto)<br \/>\n(Quinta: 10:30\/Cuarta: 11:45\/Tercera: 13:00\/Sub 21: 14:30\/Primera: 16:15)<br \/>\nAtl\u00e9tico vs. Independencia FC (domingo 26 de agosto)<br \/>\n(Quinta: 10:00\/Cuarta: 11:15\/Tercera: 12:30\/Sub 21: 14:00\/Primera: 15:45)<br \/>\nDef. Unidos vs. San Roque FC (domingo 26 de agosto)<br \/>\n(Quinta: 10:00\/Cuarta: 11:15\/Tercera: 12:30\/Sub 21: 14:00\/Primera: 15:45)<\/p>\n<p><strong>Interzonal<\/strong><br \/>\nCentral C\u00f3rdoba vs. Gral. San Mart\u00edn (domingo 26 de agosto)<br \/>\n(Quinta: 10:30\/Cuarta: 11:45\/Tercera: 13:00\/Sub 21: 14:30\/Primera: 16:15)<\/p>\n","protected":false},"excerpt":{"rendered":"<p>S\u00f3lo se jug\u00f3 en tres canchas durante el fin de semana largo debido a la lluvia del s\u00e1bado. La Esperanza con Banfield s\u00f3lo jugaron en inferiores y no llegaron a hacerlo con Primera -va el s\u00e1bado a las 15:30 horas-, Mitre y Las Palmeras igualaron 1-1, imponi\u00e9ndose Mitre en Quinta: Mitre 3 &#8211; Las Palmeras [&hellip;]<\/p>\n","protected":false},"author":4,"featured_media":35528,"comment_status":"open","ping_status":"closed","sticky":false,"template":"","format":"standard","meta":{"om_disable_all_campaigns":false,"_jetpack_memberships_contains_paid_content":false,"footnotes":""},"categories":[5],"tags":[],"class_list":["post-38794","post","type-post","status-publish","format-standard","has-post-thumbnail","hentry","category-deportes"],"aioseo_notices":[],"gutentor_comment":0,"jetpack_featured_media_url":"https:\/\/eldiariodesanpedro.com.ar\/sitio\/wp-content\/uploads\/2018\/06\/futbol-5.jpg","jetpack_shortlink":"https:\/\/wp.me\/p6RhLt-a5I","jetpack_sharing_enabled":true,"_links":{"self":[{"href":"https:\/\/eldiariodesanpedro.com.ar\/sitio\/wp-json\/wp\/v2\/posts\/38794","targetHints":{"allow":["GET"]}}],"collection":[{"href":"https:\/\/eldiariodesanpedro.com.ar\/sitio\/wp-json\/wp\/v2\/posts"}],"about":[{"href":"https:\/\/eldiariodesanpedro.com.ar\/sitio\/wp-json\/wp\/v2\/types\/post"}],"author":[{"embeddable":true,"href":"https:\/\/eldiariodesanpedro.com.ar\/sitio\/wp-json\/wp\/v2\/users\/4"}],"replies":[{"embeddable":true,"href":"https:\/\/eldiariodesanpedro.com.ar\/sitio\/wp-json\/wp\/v2\/comments?post=38794"}],"version-history":[{"count":2,"href":"https:\/\/eldiariodesanpedro.com.ar\/sitio\/wp-json\/wp\/v2\/posts\/38794\/revisions"}],"predecessor-version":[{"id":38797,"href":"https:\/\/eldiariodesanpedro.com.ar\/sitio\/wp-json\/wp\/v2\/posts\/38794\/revisions\/38797"}],"wp:featuredmedia":[{"embeddable":true,"href":"https:\/\/eldiariodesanpedro.com.ar\/sitio\/wp-json\/wp\/v2\/media\/35528"}],"wp:attachment":[{"href":"https:\/\/eldiariodesanpedro.com.ar\/sitio\/wp-json\/wp\/v2\/media?parent=38794"}],"wp:term":[{"taxonomy":"category","embeddable":true,"href":"https:\/\/eldiariodesanpedro.com.ar\/sitio\/wp-json\/wp\/v2\/categories?post=38794"},{"taxonomy":"post_tag","embeddable":true,"href":"https:\/\/eldiariodesanpedro.com.ar\/sitio\/wp-json\/wp\/v2\/tags?post=38794"}],"curies":[{"name":"wp","href":"https:\/\/api.w.org\/{rel}","templated":true}]}}