{"id":38792,"date":"2018-08-21T20:39:47","date_gmt":"2018-08-21T23:39:47","guid":{"rendered":"https:\/\/eldiariodesanpedro.com.ar\/sitio\/?p=38792"},"modified":"2026-01-24T00:11:11","modified_gmt":"2026-01-24T03:11:11","slug":"nacional-sub-15-san-pedro-recibe-hoy-a-arrecifes-en-el-municipal-desde-las-16-horas","status":"publish","type":"post","link":"https:\/\/eldiariodesanpedro.com.ar\/sitio\/nacional-sub-15-san-pedro-recibe-hoy-a-arrecifes-en-el-municipal-desde-las-16-horas\/","title":{"rendered":"NACIONAL SUB 15: San Pedro recibe hoy a Arrecifes en el municipal desde las 16 horas"},"content":{"rendered":"<p><!-- VideographyWP Plugin Message: Automatic video embedding prevented by plugin options. --><br \/>\n  El Torneo nacional de F\u00fatbol Sub 15, que coordina en su etapa clasificatoria Federaci\u00f3n Norte entre sus ligas afiliadas y organiza el Consejo Federal de AFA contin\u00faa este mi\u00e9rcoles. San Pedro recibe a Arrecifes.<\/p>\n<p>  El selectivo sampedrino, igual\u00f3 en el debut en Pergamino, recibir\u00e1 al Seleccionado de Arrecifes (perdi\u00f3 como local ante SADA) en la segunda fecha. Por la misma zona \u201cC\u201d, San Antonio de Areco ser\u00e1 local de Pergamino. En zona \u201cD\u201d, Baradero (gan\u00f3 en Z\u00e1rate) jugar\u00e1 ante San Nicol\u00e1s en cancha de Sportivo. Otros partidos: Chacabuco-Chivilcoy; Rojas-Salto; Col\u00f3n-Arenales; Vedia-Jun\u00edn.<\/p>\n","protected":false},"excerpt":{"rendered":"<p>El Torneo nacional de F\u00fatbol Sub 15, que coordina en su etapa clasificatoria Federaci\u00f3n Norte entre sus ligas afiliadas y organiza el Consejo Federal de AFA contin\u00faa este mi\u00e9rcoles. San Pedro recibe a Arrecifes. El selectivo sampedrino, igual\u00f3 en el debut en Pergamino, recibir\u00e1 al Seleccionado de Arrecifes (perdi\u00f3 como local ante SADA) en la [&hellip;]<\/p>\n","protected":false},"author":4,"featured_media":21255,"comment_status":"open","ping_status":"closed","sticky":false,"template":"","format":"standard","meta":{"om_disable_all_campaigns":false,"_jetpack_memberships_contains_paid_content":false,"footnotes":""},"categories":[5],"tags":[],"class_list":["post-38792","post","type-post","status-publish","format-standard","has-post-thumbnail","hentry","category-deportes"],"aioseo_notices":[],"gutentor_comment":0,"jetpack_featured_media_url":"https:\/\/eldiariodesanpedro.com.ar\/sitio\/wp-content\/uploads\/2017\/07\/futbol-arco.jpg","jetpack_shortlink":"https:\/\/wp.me\/p6RhLt-a5G","jetpack_sharing_enabled":true,"_links":{"self":[{"href":"https:\/\/eldiariodesanpedro.com.ar\/sitio\/wp-json\/wp\/v2\/posts\/38792","targetHints":{"allow":["GET"]}}],"collection":[{"href":"https:\/\/eldiariodesanpedro.com.ar\/sitio\/wp-json\/wp\/v2\/posts"}],"about":[{"href":"https:\/\/eldiariodesanpedro.com.ar\/sitio\/wp-json\/wp\/v2\/types\/post"}],"author":[{"embeddable":true,"href":"https:\/\/eldiariodesanpedro.com.ar\/sitio\/wp-json\/wp\/v2\/users\/4"}],"replies":[{"embeddable":true,"href":"https:\/\/eldiariodesanpedro.com.ar\/sitio\/wp-json\/wp\/v2\/comments?post=38792"}],"version-history":[{"count":2,"href":"https:\/\/eldiariodesanpedro.com.ar\/sitio\/wp-json\/wp\/v2\/posts\/38792\/revisions"}],"predecessor-version":[{"id":38795,"href":"https:\/\/eldiariodesanpedro.com.ar\/sitio\/wp-json\/wp\/v2\/posts\/38792\/revisions\/38795"}],"wp:featuredmedia":[{"embeddable":true,"href":"https:\/\/eldiariodesanpedro.com.ar\/sitio\/wp-json\/wp\/v2\/media\/21255"}],"wp:attachment":[{"href":"https:\/\/eldiariodesanpedro.com.ar\/sitio\/wp-json\/wp\/v2\/media?parent=38792"}],"wp:term":[{"taxonomy":"category","embeddable":true,"href":"https:\/\/eldiariodesanpedro.com.ar\/sitio\/wp-json\/wp\/v2\/categories?post=38792"},{"taxonomy":"post_tag","embeddable":true,"href":"https:\/\/eldiariodesanpedro.com.ar\/sitio\/wp-json\/wp\/v2\/tags?post=38792"}],"curies":[{"name":"wp","href":"https:\/\/api.w.org\/{rel}","templated":true}]}}