{"id":38786,"date":"2018-08-21T20:37:46","date_gmt":"2018-08-21T23:37:46","guid":{"rendered":"https:\/\/eldiariodesanpedro.com.ar\/sitio\/?p=38786"},"modified":"2026-01-24T00:11:12","modified_gmt":"2026-01-24T03:11:12","slug":"automovilismo-solmi-fue-15-e-iglesias-18-en-los-1000-km-de-buenos-aires","status":"publish","type":"post","link":"https:\/\/eldiariodesanpedro.com.ar\/sitio\/automovilismo-solmi-fue-15-e-iglesias-18-en-los-1000-km-de-buenos-aires\/","title":{"rendered":"AUTOMOVILISMO: Solmi fue 15\u00b0 e Iglesias 18\u00b0 en los 1000 km de Buenos Aires"},"content":{"rendered":"<p><!-- VideographyWP Plugin Message: Automatic video embedding prevented by plugin options. --><br \/>\n<strong>Foto portada: Junior Solmi<\/strong><\/p>\n<p>  Era s\u00f3lo Fernando \u201cMorro\u201d Iglesias quien nos representar\u00eda como piloto invitado a la m\u00e1xima categor\u00eda nacional, pero a \u00faltimo momento y suplantando a un piloto lesionado, lleg\u00f3 la invitaci\u00f3n para el ganador del TCP Mouras Junior Solmi y, el finde los sampedrinos sufrimos por partida doble, recordando viejos momentos con Morresi e Iglesias. <\/p>\n<p>  Iglesias estuvo en el trinomio con Serrano y V\u00e1zquez, Mientras que Solmi lo hizo con Jalaf y Garbellino.<br \/>\n  Junior el s\u00e1bado clasific\u00f3 25\u00b0, mientras que el auto de \u201cMorro\u201d lo hizo en el puesto 43\u00b0. As\u00ed largaron en la grilla del domingo y la maquina de Jalaf con Solmi mantuvo el puesto, bien se pudo ubicar m\u00e1s arriba, pero la rotura de la bomba de nafta le hizo perder varios giros, en el caso de Serrano avanz\u00f3 en el clasificador final, aunque el auto no rindi\u00f3 lo esperado. Tanto Solmi como Iglesias hicieron en pista un gran trabajo, demostrando las condiciones que lo llevan a ser dos pilotos j\u00f3venes con un futuro enorme.  <\/p>\n<p><strong>La carrera la gan\u00f3 el arrecife\u00f1o Agust\u00edn Canapino tras una gran labor<\/strong><br \/>\n  Agust\u00edn Canapino, el campe\u00f3n del Turismo Carretera, gan\u00f3 una incre\u00edble final de los 1000 kil\u00f3metros del Gran Premio Ciudad de Buenos Aires junto a Federico Alonso y Mart\u00edn Ponte. Leonel Pern\u00eda y Facundo Ardusso, con sus respectivos invitados, completaron el podio.<\/p>\n<p><img decoding=\"async\" data-attachment-id=\"38790\" data-permalink=\"https:\/\/eldiariodesanpedro.com.ar\/sitio\/automovilismo-solmi-fue-15-e-iglesias-18-en-los-1000-km-de-buenos-aires\/morro-iglesias-3\/\" data-orig-file=\"https:\/\/eldiariodesanpedro.com.ar\/sitio\/wp-content\/uploads\/2018\/08\/Morro-Iglesias.jpg\" data-orig-size=\"960,720\" data-comments-opened=\"1\" data-image-meta=\"{&quot;aperture&quot;:&quot;0&quot;,&quot;credit&quot;:&quot;&quot;,&quot;camera&quot;:&quot;&quot;,&quot;caption&quot;:&quot;&quot;,&quot;created_timestamp&quot;:&quot;0&quot;,&quot;copyright&quot;:&quot;&quot;,&quot;focal_length&quot;:&quot;0&quot;,&quot;iso&quot;:&quot;0&quot;,&quot;shutter_speed&quot;:&quot;0&quot;,&quot;title&quot;:&quot;&quot;,&quot;orientation&quot;:&quot;0&quot;}\" data-image-title=\"Morro Iglesias\" data-image-description=\"\" data-image-caption=\"\" data-large-file=\"https:\/\/eldiariodesanpedro.com.ar\/sitio\/wp-content\/uploads\/2018\/08\/Morro-Iglesias.jpg\" data-src=\"https:\/\/eldiariodesanpedro.com.ar\/sitio\/wp-content\/uploads\/2018\/08\/Morro-Iglesias.jpg\" alt=\"\" width=\"960\" height=\"720\" class=\"alignnone size-full wp-image-38790 lazyload\" data-srcset=\"https:\/\/eldiariodesanpedro.com.ar\/sitio\/wp-content\/uploads\/2018\/08\/Morro-Iglesias.jpg 960w, https:\/\/eldiariodesanpedro.com.ar\/sitio\/wp-content\/uploads\/2018\/08\/Morro-Iglesias-300x225.jpg 300w, https:\/\/eldiariodesanpedro.com.ar\/sitio\/wp-content\/uploads\/2018\/08\/Morro-Iglesias-768x576.jpg 768w\" data-sizes=\"(max-width: 960px) 100vw, 960px\" src=\"data:image\/svg+xml;base64,PHN2ZyB3aWR0aD0iMSIgaGVpZ2h0PSIxIiB4bWxucz0iaHR0cDovL3d3dy53My5vcmcvMjAwMC9zdmciPjwvc3ZnPg==\" style=\"--smush-placeholder-width: 960px; --smush-placeholder-aspect-ratio: 960\/720;\" \/><br \/>\n<strong>Morro Iglesias<\/strong><\/p>\n","protected":false},"excerpt":{"rendered":"<p>Foto portada: Junior Solmi Era s\u00f3lo Fernando \u201cMorro\u201d Iglesias quien nos representar\u00eda como piloto invitado a la m\u00e1xima categor\u00eda nacional, pero a \u00faltimo momento y suplantando a un piloto lesionado, lleg\u00f3 la invitaci\u00f3n para el ganador del TCP Mouras Junior Solmi y, el finde los sampedrinos sufrimos por partida doble, recordando viejos momentos con Morresi [&hellip;]<\/p>\n","protected":false},"author":4,"featured_media":38788,"comment_status":"open","ping_status":"closed","sticky":false,"template":"","format":"standard","meta":{"om_disable_all_campaigns":false,"_jetpack_memberships_contains_paid_content":false,"footnotes":""},"categories":[5],"tags":[],"class_list":["post-38786","post","type-post","status-publish","format-standard","has-post-thumbnail","hentry","category-deportes"],"aioseo_notices":[],"gutentor_comment":0,"jetpack_featured_media_url":"https:\/\/eldiariodesanpedro.com.ar\/sitio\/wp-content\/uploads\/2018\/08\/Junior-Solmi.jpg","jetpack_shortlink":"https:\/\/wp.me\/p6RhLt-a5A","jetpack_sharing_enabled":true,"_links":{"self":[{"href":"https:\/\/eldiariodesanpedro.com.ar\/sitio\/wp-json\/wp\/v2\/posts\/38786","targetHints":{"allow":["GET"]}}],"collection":[{"href":"https:\/\/eldiariodesanpedro.com.ar\/sitio\/wp-json\/wp\/v2\/posts"}],"about":[{"href":"https:\/\/eldiariodesanpedro.com.ar\/sitio\/wp-json\/wp\/v2\/types\/post"}],"author":[{"embeddable":true,"href":"https:\/\/eldiariodesanpedro.com.ar\/sitio\/wp-json\/wp\/v2\/users\/4"}],"replies":[{"embeddable":true,"href":"https:\/\/eldiariodesanpedro.com.ar\/sitio\/wp-json\/wp\/v2\/comments?post=38786"}],"version-history":[{"count":1,"href":"https:\/\/eldiariodesanpedro.com.ar\/sitio\/wp-json\/wp\/v2\/posts\/38786\/revisions"}],"predecessor-version":[{"id":38791,"href":"https:\/\/eldiariodesanpedro.com.ar\/sitio\/wp-json\/wp\/v2\/posts\/38786\/revisions\/38791"}],"wp:featuredmedia":[{"embeddable":true,"href":"https:\/\/eldiariodesanpedro.com.ar\/sitio\/wp-json\/wp\/v2\/media\/38788"}],"wp:attachment":[{"href":"https:\/\/eldiariodesanpedro.com.ar\/sitio\/wp-json\/wp\/v2\/media?parent=38786"}],"wp:term":[{"taxonomy":"category","embeddable":true,"href":"https:\/\/eldiariodesanpedro.com.ar\/sitio\/wp-json\/wp\/v2\/categories?post=38786"},{"taxonomy":"post_tag","embeddable":true,"href":"https:\/\/eldiariodesanpedro.com.ar\/sitio\/wp-json\/wp\/v2\/tags?post=38786"}],"curies":[{"name":"wp","href":"https:\/\/api.w.org\/{rel}","templated":true}]}}