{"id":38785,"date":"2018-08-21T20:35:07","date_gmt":"2018-08-21T23:35:07","guid":{"rendered":"https:\/\/eldiariodesanpedro.com.ar\/sitio\/?p=38785"},"modified":"2026-01-24T00:11:12","modified_gmt":"2026-01-24T03:11:12","slug":"futbol-para-ciegos-otro-titulo-para-silvio-velo","status":"publish","type":"post","link":"https:\/\/eldiariodesanpedro.com.ar\/sitio\/futbol-para-ciegos-otro-titulo-para-silvio-velo\/","title":{"rendered":"F\u00daTBOL PARA CIEGOS: Otro t\u00edtulo para Silvio Velo"},"content":{"rendered":"<p><!-- VideographyWP Plugin Message: Automatic video embedding prevented by plugin options. --><br \/>\n  La Selecci\u00f3n Argentina de F\u00fatbol para Ciegos se qued\u00f3 con la Copa Tango, que se disput\u00f3 en el Estadio Nacional \u201cLos Murci\u00e9lagos\u201d del CeNARD de Buenos Aires. En el tercer y \u00faltimo encuentro del certamen, el equipo conducido por Mart\u00edn Demonte igual\u00f3 sin goles ante Jap\u00f3n y se consagr\u00f3 campe\u00f3n tras sumar cuatro puntos en dos partidos.<\/p>\n<p>  Ante una importante cantidad de p\u00fablico, Argentina y Jap\u00f3n hicieron un duelo muy atractivo. Los Murci\u00e9lagos, subcampeones del mundo, dominaron desde el minuto inicial, pero entre las imprecisiones de los delanteros argentinos a la hora de definir y la notable actuaci\u00f3n del arquero visitante no hubo goles.<\/p>\n<p>  El plantel de los Murci\u00e9lagos A estuvo integrado por los arqueros Germ\u00e1n Muleck y Guido Consoni, y por los futbolistas ciegos Silvio Velo, Froil\u00e1n Padilla, Federico Accardi, Lucas Rodr\u00edguez, Nicol\u00e1s V\u00e9liz, Daniel Iturria, \u00c1ngel Deldo, David Peralta, Ignacio Oviedo y Maximiliano Espinillo.<\/p>\n<p><strong>Los resultados de la Copa Tango<\/strong><br \/>\nMurci\u00e9lagos A 2 \u2013 Murci\u00e9lagos B 1<br \/>\nMurci\u00e9lagos B 1 \u2013 Jap\u00f3n 0<br \/>\nMurci\u00e9lagos A 0 \u2013 Jap\u00f3n 0<\/p>\n","protected":false},"excerpt":{"rendered":"<p>La Selecci\u00f3n Argentina de F\u00fatbol para Ciegos se qued\u00f3 con la Copa Tango, que se disput\u00f3 en el Estadio Nacional \u201cLos Murci\u00e9lagos\u201d del CeNARD de Buenos Aires. En el tercer y \u00faltimo encuentro del certamen, el equipo conducido por Mart\u00edn Demonte igual\u00f3 sin goles ante Jap\u00f3n y se consagr\u00f3 campe\u00f3n tras sumar cuatro puntos en [&hellip;]<\/p>\n","protected":false},"author":4,"featured_media":38787,"comment_status":"open","ping_status":"closed","sticky":false,"template":"","format":"standard","meta":{"om_disable_all_campaigns":false,"_jetpack_memberships_contains_paid_content":false,"footnotes":""},"categories":[5],"tags":[],"class_list":["post-38785","post","type-post","status-publish","format-standard","has-post-thumbnail","hentry","category-deportes"],"aioseo_notices":[],"gutentor_comment":0,"jetpack_featured_media_url":"https:\/\/eldiariodesanpedro.com.ar\/sitio\/wp-content\/uploads\/2018\/08\/Silvio-y-su-alegr\u00eda-por-un-nuevo-t\u00edtulo-con-Los-Murci\u00e9lagos.jpg","jetpack_shortlink":"https:\/\/wp.me\/p6RhLt-a5z","jetpack_sharing_enabled":true,"_links":{"self":[{"href":"https:\/\/eldiariodesanpedro.com.ar\/sitio\/wp-json\/wp\/v2\/posts\/38785","targetHints":{"allow":["GET"]}}],"collection":[{"href":"https:\/\/eldiariodesanpedro.com.ar\/sitio\/wp-json\/wp\/v2\/posts"}],"about":[{"href":"https:\/\/eldiariodesanpedro.com.ar\/sitio\/wp-json\/wp\/v2\/types\/post"}],"author":[{"embeddable":true,"href":"https:\/\/eldiariodesanpedro.com.ar\/sitio\/wp-json\/wp\/v2\/users\/4"}],"replies":[{"embeddable":true,"href":"https:\/\/eldiariodesanpedro.com.ar\/sitio\/wp-json\/wp\/v2\/comments?post=38785"}],"version-history":[{"count":1,"href":"https:\/\/eldiariodesanpedro.com.ar\/sitio\/wp-json\/wp\/v2\/posts\/38785\/revisions"}],"predecessor-version":[{"id":38789,"href":"https:\/\/eldiariodesanpedro.com.ar\/sitio\/wp-json\/wp\/v2\/posts\/38785\/revisions\/38789"}],"wp:featuredmedia":[{"embeddable":true,"href":"https:\/\/eldiariodesanpedro.com.ar\/sitio\/wp-json\/wp\/v2\/media\/38787"}],"wp:attachment":[{"href":"https:\/\/eldiariodesanpedro.com.ar\/sitio\/wp-json\/wp\/v2\/media?parent=38785"}],"wp:term":[{"taxonomy":"category","embeddable":true,"href":"https:\/\/eldiariodesanpedro.com.ar\/sitio\/wp-json\/wp\/v2\/categories?post=38785"},{"taxonomy":"post_tag","embeddable":true,"href":"https:\/\/eldiariodesanpedro.com.ar\/sitio\/wp-json\/wp\/v2\/tags?post=38785"}],"curies":[{"name":"wp","href":"https:\/\/api.w.org\/{rel}","templated":true}]}}