{"id":38777,"date":"2018-08-21T20:21:44","date_gmt":"2018-08-21T23:21:44","guid":{"rendered":"https:\/\/eldiariodesanpedro.com.ar\/sitio\/?p=38777"},"modified":"2018-08-21T20:21:44","modified_gmt":"2018-08-21T23:21:44","slug":"en-santa-lucia-se-desarrollo-el-acto-por-el-168o-aniversario-del-fallecimiento-del-gral-san-martin","status":"publish","type":"post","link":"https:\/\/eldiariodesanpedro.com.ar\/sitio\/en-santa-lucia-se-desarrollo-el-acto-por-el-168o-aniversario-del-fallecimiento-del-gral-san-martin\/","title":{"rendered":"En Santa Luc\u00eda se desarroll\u00f3 el acto por el 168\u00ba Aniversario del fallecimiento del Gral. San Mart\u00edn"},"content":{"rendered":"<p><!-- VideographyWP Plugin Message: Automatic video embedding prevented by plugin options. --><br \/>\nCon la presencia de autoridades municipales, entidades intermedias, escuelas y vecinos se llev\u00f3 a cabo en Santa Luc\u00eda el acto en homenaje al Gral. San Mart\u00edn.  <\/p>\n<p>  Como en cada fecha conmemorativa el acto oficial por el 168\u00ba Aniversario del fallecimiento del Gral. San Mart\u00edn se realiz\u00f3 en la localidad de Santa Luc\u00eda. Las calles y la propia delegaci\u00f3n municipal se vistieron de celeste y blanco para recibir a un buen n\u00famero de vecinos que se acercaron a acompa\u00f1ar la jornada.<\/p>\n<p>  Durante la ceremonia, las autoridades presentes izaron la bandera nacional y luego de entonar las estrofas del Himno Nacional Argentino, se colocaron ofrendas florales, hubo palabras alusivas y el respetuoso recuerdo al libertador de am\u00e9rica.<\/p>\n<p>  Como atractivo de la ceremonia se pudo disfrutar de la presentaci\u00f3n de la banda musical de la Prefectura Naval Argentina, hubo desfiles de gauchos e instituciones intermedias, y danzas folkl\u00f3ricas tradicionales.<br \/>\n  Es de destacar que durante la misma jornada las autoridades procedieron a inaugurar las reformas efectuadas en el Hospital de la localidad. <\/p>\n<p>Fuente: San Pedro Informa<\/p>\n","protected":false},"excerpt":{"rendered":"<p>Con la presencia de autoridades municipales, entidades intermedias, escuelas y vecinos se llev\u00f3 a cabo en Santa Luc\u00eda el acto en homenaje al Gral. San Mart\u00edn. Como en cada fecha conmemorativa el acto oficial por el 168\u00ba Aniversario del fallecimiento del Gral. San Mart\u00edn se realiz\u00f3 en la localidad de Santa Luc\u00eda. Las calles y [&hellip;]<\/p>\n","protected":false},"author":4,"featured_media":38779,"comment_status":"open","ping_status":"closed","sticky":false,"template":"","format":"standard","meta":{"om_disable_all_campaigns":false,"_jetpack_memberships_contains_paid_content":false,"footnotes":""},"categories":[101,2],"tags":[],"class_list":["post-38777","post","type-post","status-publish","format-standard","has-post-thumbnail","hentry","category-interes-general-locales","category-locales"],"aioseo_notices":[],"gutentor_comment":0,"jetpack_featured_media_url":"https:\/\/eldiariodesanpedro.com.ar\/sitio\/wp-content\/uploads\/2018\/08\/Acto-en-homenaje-al-Gral.-San-Mart\u00edn-.jpg","jetpack_shortlink":"https:\/\/wp.me\/p6RhLt-a5r","jetpack_sharing_enabled":true,"_links":{"self":[{"href":"https:\/\/eldiariodesanpedro.com.ar\/sitio\/wp-json\/wp\/v2\/posts\/38777","targetHints":{"allow":["GET"]}}],"collection":[{"href":"https:\/\/eldiariodesanpedro.com.ar\/sitio\/wp-json\/wp\/v2\/posts"}],"about":[{"href":"https:\/\/eldiariodesanpedro.com.ar\/sitio\/wp-json\/wp\/v2\/types\/post"}],"author":[{"embeddable":true,"href":"https:\/\/eldiariodesanpedro.com.ar\/sitio\/wp-json\/wp\/v2\/users\/4"}],"replies":[{"embeddable":true,"href":"https:\/\/eldiariodesanpedro.com.ar\/sitio\/wp-json\/wp\/v2\/comments?post=38777"}],"version-history":[{"count":1,"href":"https:\/\/eldiariodesanpedro.com.ar\/sitio\/wp-json\/wp\/v2\/posts\/38777\/revisions"}],"predecessor-version":[{"id":38783,"href":"https:\/\/eldiariodesanpedro.com.ar\/sitio\/wp-json\/wp\/v2\/posts\/38777\/revisions\/38783"}],"wp:featuredmedia":[{"embeddable":true,"href":"https:\/\/eldiariodesanpedro.com.ar\/sitio\/wp-json\/wp\/v2\/media\/38779"}],"wp:attachment":[{"href":"https:\/\/eldiariodesanpedro.com.ar\/sitio\/wp-json\/wp\/v2\/media?parent=38777"}],"wp:term":[{"taxonomy":"category","embeddable":true,"href":"https:\/\/eldiariodesanpedro.com.ar\/sitio\/wp-json\/wp\/v2\/categories?post=38777"},{"taxonomy":"post_tag","embeddable":true,"href":"https:\/\/eldiariodesanpedro.com.ar\/sitio\/wp-json\/wp\/v2\/tags?post=38777"}],"curies":[{"name":"wp","href":"https:\/\/api.w.org\/{rel}","templated":true}]}}