{"id":38774,"date":"2018-08-21T20:19:18","date_gmt":"2018-08-21T23:19:18","guid":{"rendered":"https:\/\/eldiariodesanpedro.com.ar\/sitio\/?p=38774"},"modified":"2018-08-21T20:19:18","modified_gmt":"2018-08-21T23:19:18","slug":"brindis-por-el-61-aniversario-del-club-pescadores","status":"publish","type":"post","link":"https:\/\/eldiariodesanpedro.com.ar\/sitio\/brindis-por-el-61-aniversario-del-club-pescadores\/","title":{"rendered":"Brindis por el 61\u00b0 aniversario del Club Pescadores"},"content":{"rendered":"<p><!-- VideographyWP Plugin Message: Automatic video embedding prevented by plugin options. --><br \/>\nEl Club de Pescadores y N\u00e1utica San Pedro festej\u00f3 sus 61 a\u00f1os de vida institucional con brindis que fue llevado a cabo en su sede social, sal\u00f3n \u201cCarlos V\u201d.<\/p>\n<p>  Con la presencia de socios, dirigentes y colaboradores el Club Pescadores y N\u00e1utica celebr\u00f3 sus 61 a\u00f1os de vida. El brindis se llev\u00f3 a cabo en el sal\u00f3n social y fue encabezado por el presidente Pablo Vlaeminck.<\/p>\n<p>  La ceremonia se vio engalanada con la presencia del se\u00f1or Antonio Santorelli, uno de los socios fundadores de la instituci\u00f3n, quien recibi\u00f3 el reconocimiento de los presentes.<\/p>\n<p>  El Presidente Vlaeminck fue el encargado de recibir a los presentes con c\u00e1lidas palabras de bienvenida y agradecimiento por la presencia. Hubo entrega de presente al socio fundador mencionado, mientras que la Asociaci\u00f3n de Bomberos Voluntarios de San Pedro entreg\u00f3 al club una plaqueta recordatoria.<\/p>\n<p><strong>1957 -18 de agosto- 2018<\/strong><br \/>\n  A fines de la d\u00e9cada del \u201950 surgi\u00f3 la idea de conformar un club, siendo la fecha que se fund\u00f3 Pescadores un 18 de agosto de 1957, con la premisa de tener un club de Pescadores, de esa manera juntaba a quienes gustaban de ese deporte y a su vez ten\u00edan un lugar en la costa para pasar gratos momentos. Cuenta la historia que \u201cse juntaron en el Club de Ministerio de Obras P\u00fablicas y ese grupo de vecinos lo llam\u00f3 \u201cCLUB DE PESCADORES DE SAN PEDRO\u201d. El primer desaf\u00edo fue \u201chacer\u201d el club en un lugar que era un ba\u00f1ado, lleno de juncos y que serv\u00eda a los lugare\u00f1os dejar sus canoas, que en muchos casos era sus sustentos diarios. Muchos de quienes fundaron y era habit\u00faes a esa zona de San Pedro, poco concurrida, trabajaban en la \u201cAserradero de Victores\u201d, establecida a la altura del Club, pero en la zona alta de las barrancas, y con la ayuda de Don Victores se fue armando un peque\u00f1o muelle que con el tiempo debi\u00f3 ampliarse. Como todo Club que quiera crecer tuvo que ir incorporando otras actividades, obligados por la cantidad de socios que buscaban en Pescadores estar a la orilla de R\u00edo, lo cultural y deportivo lo llevaron a crecer.<\/p>\n<p>  Hoy Pescadores es una de las instituciones m\u00e1s importante de la ciudad con m\u00e1s de una docena de actividades deportivas y culturales que lo llevan a tener vida propia cada d\u00eda de la semana.<\/p>\n<p>Fuente: San Pedro Informa<\/p>\n","protected":false},"excerpt":{"rendered":"<p>El Club de Pescadores y N\u00e1utica San Pedro festej\u00f3 sus 61 a\u00f1os de vida institucional con brindis que fue llevado a cabo en su sede social, sal\u00f3n \u201cCarlos V\u201d. Con la presencia de socios, dirigentes y colaboradores el Club Pescadores y N\u00e1utica celebr\u00f3 sus 61 a\u00f1os de vida. El brindis se llev\u00f3 a cabo en [&hellip;]<\/p>\n","protected":false},"author":4,"featured_media":10752,"comment_status":"open","ping_status":"closed","sticky":false,"template":"","format":"standard","meta":{"om_disable_all_campaigns":false,"_jetpack_memberships_contains_paid_content":false,"footnotes":""},"categories":[101,2],"tags":[],"class_list":["post-38774","post","type-post","status-publish","format-standard","has-post-thumbnail","hentry","category-interes-general-locales","category-locales"],"aioseo_notices":[],"gutentor_comment":0,"jetpack_featured_media_url":"https:\/\/eldiariodesanpedro.com.ar\/sitio\/wp-content\/uploads\/2016\/11\/logo-pescadores.jpg","jetpack_shortlink":"https:\/\/wp.me\/p6RhLt-a5o","jetpack_sharing_enabled":true,"_links":{"self":[{"href":"https:\/\/eldiariodesanpedro.com.ar\/sitio\/wp-json\/wp\/v2\/posts\/38774","targetHints":{"allow":["GET"]}}],"collection":[{"href":"https:\/\/eldiariodesanpedro.com.ar\/sitio\/wp-json\/wp\/v2\/posts"}],"about":[{"href":"https:\/\/eldiariodesanpedro.com.ar\/sitio\/wp-json\/wp\/v2\/types\/post"}],"author":[{"embeddable":true,"href":"https:\/\/eldiariodesanpedro.com.ar\/sitio\/wp-json\/wp\/v2\/users\/4"}],"replies":[{"embeddable":true,"href":"https:\/\/eldiariodesanpedro.com.ar\/sitio\/wp-json\/wp\/v2\/comments?post=38774"}],"version-history":[{"count":2,"href":"https:\/\/eldiariodesanpedro.com.ar\/sitio\/wp-json\/wp\/v2\/posts\/38774\/revisions"}],"predecessor-version":[{"id":38780,"href":"https:\/\/eldiariodesanpedro.com.ar\/sitio\/wp-json\/wp\/v2\/posts\/38774\/revisions\/38780"}],"wp:featuredmedia":[{"embeddable":true,"href":"https:\/\/eldiariodesanpedro.com.ar\/sitio\/wp-json\/wp\/v2\/media\/10752"}],"wp:attachment":[{"href":"https:\/\/eldiariodesanpedro.com.ar\/sitio\/wp-json\/wp\/v2\/media?parent=38774"}],"wp:term":[{"taxonomy":"category","embeddable":true,"href":"https:\/\/eldiariodesanpedro.com.ar\/sitio\/wp-json\/wp\/v2\/categories?post=38774"},{"taxonomy":"post_tag","embeddable":true,"href":"https:\/\/eldiariodesanpedro.com.ar\/sitio\/wp-json\/wp\/v2\/tags?post=38774"}],"curies":[{"name":"wp","href":"https:\/\/api.w.org\/{rel}","templated":true}]}}