{"id":38773,"date":"2018-08-21T20:16:48","date_gmt":"2018-08-21T23:16:48","guid":{"rendered":"https:\/\/eldiariodesanpedro.com.ar\/sitio\/?p=38773"},"modified":"2018-08-21T20:16:48","modified_gmt":"2018-08-21T23:16:48","slug":"polemica-con-aadi-capif-los-comercios-no-pueden-pagar-un-centavo-mas","status":"publish","type":"post","link":"https:\/\/eldiariodesanpedro.com.ar\/sitio\/polemica-con-aadi-capif-los-comercios-no-pueden-pagar-un-centavo-mas\/","title":{"rendered":"Pol\u00e9mica con AADI-CAPIF: \u201cLos comercios no pueden pagar un centavo m\u00e1s\u201d"},"content":{"rendered":"<p><!-- VideographyWP Plugin Message: Automatic video embedding prevented by plugin options. --><br \/>\nEl Centro de Comercio sali\u00f3 a defender a sus socios luego que AADI-CAPIF aplicara la ley a todos los comercios de la ciudad que utilicen m\u00fasica. \u201cEs una ridiculez\u201d, dijeron desde la entidad.<\/p>\n<p>  Aumenta la preocupaci\u00f3n entre los comerciantes y la comunidad en general por el desmedido embate pronunciado por AADI-CAPIF, quien pretende cobrar a negocios de distintos rubros la emisi\u00f3n de todo tipo de m\u00fasica.<br \/>\n  El Centro de Comercio de San Pedro se expres\u00f3 al respecto y cuestion\u00f3 fuertemente la intenci\u00f3n del ente representante de int\u00e9rpretes y productores fonogr\u00e1ficos ya que entienden que no es el momento adecuado para generar un gasto m\u00e1s a los comerciantes de la ciudad ante la dif\u00edcil situaci\u00f3n que atraviesan m\u00e1s all\u00e1 que no deja de reconocer que existe una ley.<\/p>\n<p>  \u201cEl planteo que le hemos hecho a AADI-CAPIF es que todo pasa por una cuesti\u00f3n econ\u00f3mica\u201d, sostuvo Mauro Troilo, presidente del Centro de Comercio.<\/p>\n<p>  \u201cHoy el comercio de San Pedro no puede asumir un costo m\u00e1s, AADI-CAPIF pueden llegar a ser responsables de decisiones de los comerciantes de ver qu\u00e9 es lo que hacen\u201d.<\/p>\n<p>  \u201cDesde el punto de vista legal hay una ley y es un derecho que tienen sobre el comerciante por utilizar o ambientar el comercio, pero es una situaci\u00f3n bastante compleja\u201d.<\/p>\n<p>  \u201cLa realidad es as\u00ed, seg\u00fan la posici\u00f3n de AADI-CAPIF es un derecho, uses la radio o no la uses, no importa lo que est\u00e9 pasando la radio\u201d, agreg\u00f3 el directivo. \u201cEs una doble imposici\u00f3n porque la radio tambi\u00e9n paga\u201d.<br \/>\n  \u201cCon AADI-CAPIF discutimos todo y bastante y, lo que a nosotros nos queda es hacerles entender que los comercios no podr\u00e1n pagar un centavo m\u00e1s, en todo caso ser\u00e1n los responsables del cierre o lo que decidan, ellos nos dicen que dejen la radio apagada, una ridiculez\u201d.<\/p>\n<p>Fuente: FM G\u00e9nesis y San Pedro Informa<\/p>\n","protected":false},"excerpt":{"rendered":"<p>El Centro de Comercio sali\u00f3 a defender a sus socios luego que AADI-CAPIF aplicara la ley a todos los comercios de la ciudad que utilicen m\u00fasica. \u201cEs una ridiculez\u201d, dijeron desde la entidad. Aumenta la preocupaci\u00f3n entre los comerciantes y la comunidad en general por el desmedido embate pronunciado por AADI-CAPIF, quien pretende cobrar a [&hellip;]<\/p>\n","protected":false},"author":4,"featured_media":3126,"comment_status":"open","ping_status":"closed","sticky":false,"template":"","format":"standard","meta":{"om_disable_all_campaigns":false,"_jetpack_memberships_contains_paid_content":false,"footnotes":""},"categories":[101,2],"tags":[],"class_list":["post-38773","post","type-post","status-publish","format-standard","has-post-thumbnail","hentry","category-interes-general-locales","category-locales"],"aioseo_notices":[],"gutentor_comment":0,"jetpack_featured_media_url":"https:\/\/eldiariodesanpedro.com.ar\/sitio\/wp-content\/uploads\/2016\/04\/Centro-de-Comercio-e-industria.jpg","jetpack_shortlink":"https:\/\/wp.me\/p6RhLt-a5n","jetpack_sharing_enabled":true,"_links":{"self":[{"href":"https:\/\/eldiariodesanpedro.com.ar\/sitio\/wp-json\/wp\/v2\/posts\/38773","targetHints":{"allow":["GET"]}}],"collection":[{"href":"https:\/\/eldiariodesanpedro.com.ar\/sitio\/wp-json\/wp\/v2\/posts"}],"about":[{"href":"https:\/\/eldiariodesanpedro.com.ar\/sitio\/wp-json\/wp\/v2\/types\/post"}],"author":[{"embeddable":true,"href":"https:\/\/eldiariodesanpedro.com.ar\/sitio\/wp-json\/wp\/v2\/users\/4"}],"replies":[{"embeddable":true,"href":"https:\/\/eldiariodesanpedro.com.ar\/sitio\/wp-json\/wp\/v2\/comments?post=38773"}],"version-history":[{"count":2,"href":"https:\/\/eldiariodesanpedro.com.ar\/sitio\/wp-json\/wp\/v2\/posts\/38773\/revisions"}],"predecessor-version":[{"id":38776,"href":"https:\/\/eldiariodesanpedro.com.ar\/sitio\/wp-json\/wp\/v2\/posts\/38773\/revisions\/38776"}],"wp:featuredmedia":[{"embeddable":true,"href":"https:\/\/eldiariodesanpedro.com.ar\/sitio\/wp-json\/wp\/v2\/media\/3126"}],"wp:attachment":[{"href":"https:\/\/eldiariodesanpedro.com.ar\/sitio\/wp-json\/wp\/v2\/media?parent=38773"}],"wp:term":[{"taxonomy":"category","embeddable":true,"href":"https:\/\/eldiariodesanpedro.com.ar\/sitio\/wp-json\/wp\/v2\/categories?post=38773"},{"taxonomy":"post_tag","embeddable":true,"href":"https:\/\/eldiariodesanpedro.com.ar\/sitio\/wp-json\/wp\/v2\/tags?post=38773"}],"curies":[{"name":"wp","href":"https:\/\/api.w.org\/{rel}","templated":true}]}}