{"id":38768,"date":"2018-08-21T18:25:44","date_gmt":"2018-08-21T21:25:44","guid":{"rendered":"https:\/\/eldiariodesanpedro.com.ar\/sitio\/?p=38768"},"modified":"2018-08-21T18:28:03","modified_gmt":"2018-08-21T21:28:03","slug":"participacion-en-las-jornadas-programa-de-formacion-y-diseno-de-experimentos-de-economia-del-comportamiento","status":"publish","type":"post","link":"https:\/\/eldiariodesanpedro.com.ar\/sitio\/participacion-en-las-jornadas-programa-de-formacion-y-diseno-de-experimentos-de-economia-del-comportamiento\/","title":{"rendered":"Participaci\u00f3n en las jornadas \u201cPrograma de formaci\u00f3n y dise\u00f1o de experimentos de Econom\u00eda del Comportamiento\u201d"},"content":{"rendered":"<p><!-- VideographyWP Plugin Message: Automatic video embedding prevented by plugin options. --><br \/>\nEn el marco de las Mesas de Ecosistemas en Innovaci\u00f3n P\u00fablica, organizadas por RIL (Red de Innovaci\u00f3n Local), Universidad Torcuato Di Tella, Cepe (Centro de Evaluaci\u00f3n de Pol\u00edticas Basadas en la Evidencia) y BID (Banco Interamericano de Desarrollo), personal de la Secretar\u00eda de Econom\u00eda y Hacienda particip\u00f3 en las Jornadas basadas en \u201cLa Econom\u00eda del Comportamiento &#8211; Enfocado en Ingresos P\u00fablicos\u00bb, desarrolladas en la Ciudad Aut\u00f3noma de Buenos Aires. Los ejes de la misma fueron:<br \/>\n&#8211; Econom\u00eda del Comportamiento<br \/>\n&#8211; Econom\u00eda del Comportamiento y dise\u00f1o de intervenciones.<br \/>\n&#8211; Metodolog\u00edas de evaluaci\u00f3n de impacto de proyectos.<br \/>\n&#8211; Implementaci\u00f3n de proyectos y an\u00e1lisis de factibilidad.<\/p>\n<p>Las jornadas contaron con la participaci\u00f3n de especialistas destacados a nivel nacional e internacional:<br \/>\n&#8211; Carlos Scartascini (BID).<br \/>\n&#8211; Emilio Pineda (BID).<br \/>\n&#8211; Ana Daher (Dir de Capacitaci\u00f3n Municipal del Ministerio del Interior).<br \/>\n&#8211; Elizabeth Green (Vice-embajadora del Reino Unido).<br \/>\n&#8211; Delfina Irazusta (RIL)<br \/>\n&#8211; Guadalupe Dorna (CEPE &#8211; Di Tella).<br \/>\n&#8211; Gast\u00f3n Gertner (CEPE &#8211; Di Tella).<br \/>\n&#8211; Rosario Guiraud (RIL).<br \/>\n&#8211; Candelaria Yanzi (RIL).<\/p>\n","protected":false},"excerpt":{"rendered":"<p>En el marco de las Mesas de Ecosistemas en Innovaci\u00f3n P\u00fablica, organizadas por RIL (Red de Innovaci\u00f3n Local), Universidad Torcuato Di Tella, Cepe (Centro de Evaluaci\u00f3n de Pol\u00edticas Basadas en la Evidencia) y BID (Banco Interamericano de Desarrollo), personal de la Secretar\u00eda de Econom\u00eda y Hacienda particip\u00f3 en las Jornadas basadas en \u201cLa Econom\u00eda del [&hellip;]<\/p>\n","protected":false},"author":4,"featured_media":38769,"comment_status":"open","ping_status":"closed","sticky":false,"template":"","format":"standard","meta":{"om_disable_all_campaigns":false,"_jetpack_memberships_contains_paid_content":false,"footnotes":""},"categories":[101,2],"tags":[],"class_list":["post-38768","post","type-post","status-publish","format-standard","has-post-thumbnail","hentry","category-interes-general-locales","category-locales"],"aioseo_notices":[],"gutentor_comment":0,"jetpack_featured_media_url":"https:\/\/eldiariodesanpedro.com.ar\/sitio\/wp-content\/uploads\/2018\/08\/pastedImage-9.png","jetpack_shortlink":"https:\/\/wp.me\/p6RhLt-a5i","jetpack_sharing_enabled":true,"_links":{"self":[{"href":"https:\/\/eldiariodesanpedro.com.ar\/sitio\/wp-json\/wp\/v2\/posts\/38768","targetHints":{"allow":["GET"]}}],"collection":[{"href":"https:\/\/eldiariodesanpedro.com.ar\/sitio\/wp-json\/wp\/v2\/posts"}],"about":[{"href":"https:\/\/eldiariodesanpedro.com.ar\/sitio\/wp-json\/wp\/v2\/types\/post"}],"author":[{"embeddable":true,"href":"https:\/\/eldiariodesanpedro.com.ar\/sitio\/wp-json\/wp\/v2\/users\/4"}],"replies":[{"embeddable":true,"href":"https:\/\/eldiariodesanpedro.com.ar\/sitio\/wp-json\/wp\/v2\/comments?post=38768"}],"version-history":[{"count":3,"href":"https:\/\/eldiariodesanpedro.com.ar\/sitio\/wp-json\/wp\/v2\/posts\/38768\/revisions"}],"predecessor-version":[{"id":38817,"href":"https:\/\/eldiariodesanpedro.com.ar\/sitio\/wp-json\/wp\/v2\/posts\/38768\/revisions\/38817"}],"wp:featuredmedia":[{"embeddable":true,"href":"https:\/\/eldiariodesanpedro.com.ar\/sitio\/wp-json\/wp\/v2\/media\/38769"}],"wp:attachment":[{"href":"https:\/\/eldiariodesanpedro.com.ar\/sitio\/wp-json\/wp\/v2\/media?parent=38768"}],"wp:term":[{"taxonomy":"category","embeddable":true,"href":"https:\/\/eldiariodesanpedro.com.ar\/sitio\/wp-json\/wp\/v2\/categories?post=38768"},{"taxonomy":"post_tag","embeddable":true,"href":"https:\/\/eldiariodesanpedro.com.ar\/sitio\/wp-json\/wp\/v2\/tags?post=38768"}],"curies":[{"name":"wp","href":"https:\/\/api.w.org\/{rel}","templated":true}]}}