{"id":38764,"date":"2018-08-21T12:19:10","date_gmt":"2018-08-21T15:19:10","guid":{"rendered":"https:\/\/eldiariodesanpedro.com.ar\/sitio\/?p=38764"},"modified":"2018-08-21T12:19:10","modified_gmt":"2018-08-21T15:19:10","slug":"campedrinos-lanza-su-nuevo-disco-festivalero","status":"publish","type":"post","link":"https:\/\/eldiariodesanpedro.com.ar\/sitio\/campedrinos-lanza-su-nuevo-disco-festivalero\/","title":{"rendered":"Campedrinos lanza su nuevo disco \u00abFestivalero\u00bb"},"content":{"rendered":"<p><!-- VideographyWP Plugin Message: Automatic video embedding prevented by plugin options. --><br \/>\nCampedrinos lanza \u00abFestivalero\u00bb, su tercer trabajo discogr\u00e1fico, cuenta con la producci\u00f3n musical de Facundo Toro y un invitado especial como lo es Sergio Galleguillo. Se encuentra disponible en spotify, youtube y en todas las disquer\u00edas el pa\u00eds.<\/p>\n<p>Durante el verano 2018 realizaron una gira en m\u00e1s de 20 festivales en todo el pa\u00eds, bajo la productora Curva Music, que ya se encuentra preparando la pr\u00f3xima GIRA 2018 \/ 2019. <\/p>\n<p>Campedrinos es una de las agrupaciones de folklore m\u00e1s joven y con mayor proyecci\u00f3n del pa\u00eds. Formada por Sergio Prada y Agust\u00edn Fantili, en los \u00faltimos a\u00f1os mostr\u00f3 un gran crecimiento, transform\u00e1ndose en una de las propuestas m\u00e1s festejadas por el p\u00fablico, que los acompa\u00f1a cantando, bailando y aplaudi\u00e9ndolos de pie en cada festival.<\/p>\n<div class=\"jetpack-video-wrapper\"><span class=\"embed-youtube\" style=\"text-align:center; display: block;\"><iframe class=\"youtube-player lazyload\" width=\"640\" height=\"360\" data-src=\"https:\/\/www.youtube.com\/embed\/y_P1IJIZYfA?version=3&#038;rel=1&#038;showsearch=0&#038;showinfo=1&#038;iv_load_policy=1&#038;fs=1&#038;hl=es-ES&#038;autohide=2&#038;wmode=transparent&#038;listType=playlist&#038;list=PLEUdGmbXj1JJ-V7Vf2iUNsMeXEzkwW8bz\" allowfullscreen=\"true\" style=\"border:0;\" sandbox=\"allow-scripts allow-same-origin allow-popups allow-presentation allow-popups-to-escape-sandbox\" src=\"data:image\/svg+xml;base64,PHN2ZyB3aWR0aD0iMSIgaGVpZ2h0PSIxIiB4bWxucz0iaHR0cDovL3d3dy53My5vcmcvMjAwMC9zdmciPjwvc3ZnPg==\" data-load-mode=\"1\"><\/iframe><\/span><\/div>\n","protected":false},"excerpt":{"rendered":"<p>Campedrinos lanza \u00abFestivalero\u00bb, su tercer trabajo discogr\u00e1fico, cuenta con la producci\u00f3n musical de Facundo Toro y un invitado especial como lo es Sergio Galleguillo. Se encuentra disponible en spotify, youtube y en todas las disquer\u00edas el pa\u00eds. Durante el verano 2018 realizaron una gira en m\u00e1s de 20 festivales en todo el pa\u00eds, bajo la [&hellip;]<\/p>\n","protected":false},"author":4,"featured_media":38765,"comment_status":"open","ping_status":"closed","sticky":false,"template":"","format":"standard","meta":{"om_disable_all_campaigns":false,"_jetpack_memberships_contains_paid_content":false,"footnotes":""},"categories":[101,2],"tags":[],"class_list":["post-38764","post","type-post","status-publish","format-standard","has-post-thumbnail","hentry","category-interes-general-locales","category-locales"],"aioseo_notices":[],"gutentor_comment":0,"jetpack_featured_media_url":"https:\/\/eldiariodesanpedro.com.ar\/sitio\/wp-content\/uploads\/2018\/08\/TAPA-Festivalero.jpg","jetpack_shortlink":"https:\/\/wp.me\/p6RhLt-a5e","jetpack_sharing_enabled":true,"_links":{"self":[{"href":"https:\/\/eldiariodesanpedro.com.ar\/sitio\/wp-json\/wp\/v2\/posts\/38764","targetHints":{"allow":["GET"]}}],"collection":[{"href":"https:\/\/eldiariodesanpedro.com.ar\/sitio\/wp-json\/wp\/v2\/posts"}],"about":[{"href":"https:\/\/eldiariodesanpedro.com.ar\/sitio\/wp-json\/wp\/v2\/types\/post"}],"author":[{"embeddable":true,"href":"https:\/\/eldiariodesanpedro.com.ar\/sitio\/wp-json\/wp\/v2\/users\/4"}],"replies":[{"embeddable":true,"href":"https:\/\/eldiariodesanpedro.com.ar\/sitio\/wp-json\/wp\/v2\/comments?post=38764"}],"version-history":[{"count":1,"href":"https:\/\/eldiariodesanpedro.com.ar\/sitio\/wp-json\/wp\/v2\/posts\/38764\/revisions"}],"predecessor-version":[{"id":38766,"href":"https:\/\/eldiariodesanpedro.com.ar\/sitio\/wp-json\/wp\/v2\/posts\/38764\/revisions\/38766"}],"wp:featuredmedia":[{"embeddable":true,"href":"https:\/\/eldiariodesanpedro.com.ar\/sitio\/wp-json\/wp\/v2\/media\/38765"}],"wp:attachment":[{"href":"https:\/\/eldiariodesanpedro.com.ar\/sitio\/wp-json\/wp\/v2\/media?parent=38764"}],"wp:term":[{"taxonomy":"category","embeddable":true,"href":"https:\/\/eldiariodesanpedro.com.ar\/sitio\/wp-json\/wp\/v2\/categories?post=38764"},{"taxonomy":"post_tag","embeddable":true,"href":"https:\/\/eldiariodesanpedro.com.ar\/sitio\/wp-json\/wp\/v2\/tags?post=38764"}],"curies":[{"name":"wp","href":"https:\/\/api.w.org\/{rel}","templated":true}]}}