{"id":38761,"date":"2018-08-21T11:32:18","date_gmt":"2018-08-21T14:32:18","guid":{"rendered":"https:\/\/eldiariodesanpedro.com.ar\/sitio\/?p=38761"},"modified":"2018-08-21T11:32:18","modified_gmt":"2018-08-21T14:32:18","slug":"san-nicolas-miles-de-nicolenos-festejaron-el-dia-del-nino-en-el-parque-san-martin","status":"publish","type":"post","link":"https:\/\/eldiariodesanpedro.com.ar\/sitio\/san-nicolas-miles-de-nicolenos-festejaron-el-dia-del-nino-en-el-parque-san-martin\/","title":{"rendered":"SAN NICOL\u00c1S: Miles de nicole\u00f1os festejaron el D\u00eda del Ni\u00f1o en el Parque San Mart\u00edn"},"content":{"rendered":"<p><!-- VideographyWP Plugin Message: Automatic video embedding prevented by plugin options. --><br \/>\nLa Granja de Zen\u00f3n fue el gran atractivo para los m\u00e1s chicos. Adem\u00e1s hubo juegos, actividades deportivas y recreativas de la mano del equipo municipal. Acompa\u00f1\u00f3 la iniciativa un paseo gastron\u00f3mico y la Feria de Artesanos, Manualistas y Emprendedores.<\/p>\n<p>El Parque San Mart\u00edn se convirti\u00f3 ayer en una verdadera fiesta a la infancia, en el marco de las actividades municipales previstas por los festejos del D\u00eda del Ni\u00f1o. El fin de semana largo \u2013 sobre todo el domingo y el feriado- conjug\u00f3 sol y diversi\u00f3n para las familias de nuestra ciudad. Los organizadores indicaron que participaron 45.000 personas. El show oficial de La Granja de Zen\u00f3n fue el gran atractivo para los m\u00e1s chicos.<\/p>\n<p>Desde el mediod\u00eda de la jornada pasada, la Municipalidad de San Nicol\u00e1s puso la log\u00edstica en marcha para celebrar el D\u00eda del Ni\u00f1o en el Parque San Mart\u00edn con el show oficial de La Granja de Zen\u00f3n y las travesuras de Bartolito.<\/p>\n<p>Los animales de la granja de la compa\u00f1\u00eda Reino Infantil llegaron a nuestra ciudad para divertir a chicos y grandes con sus reconocidas canciones y una puesta en escena que hizo cantar y bailar a todos.<\/p>\n<p>Varias propuestas<br \/>\nAdem\u00e1s hubo juegos, actividades deportivas y recreativas de la mano del equipo municipal. Acompa\u00f1\u00f3 la iniciativa un paseo gastron\u00f3mico y la Feria de Artesanos, Manualistas y Emprendedores.<\/p>\n<p>Color, globos, alegr\u00eda, y el entorno natural a la vera del r\u00edo con el renovado espacio verde del que ya se apropiaron los nicole\u00f1os, constituyeron el marco ideal para la iniciativa que congreg\u00f3 a miles de familias. <\/p>\n<p>Desde las 13 y hasta las 19, los menores de 12 a\u00f1os contaron con la posibilidad de boleto gratuito para viajar en colectivo. Y se mont\u00f3 un operativo de tr\u00e1nsito en las inmediaciones dado que la afluencia de p\u00fablico fue masiva.<\/p>\n<p>Fuente: Diario El Norte<\/p>\n","protected":false},"excerpt":{"rendered":"<p>La Granja de Zen\u00f3n fue el gran atractivo para los m\u00e1s chicos. Adem\u00e1s hubo juegos, actividades deportivas y recreativas de la mano del equipo municipal. Acompa\u00f1\u00f3 la iniciativa un paseo gastron\u00f3mico y la Feria de Artesanos, Manualistas y Emprendedores. El Parque San Mart\u00edn se convirti\u00f3 ayer en una verdadera fiesta a la infancia, en el [&hellip;]<\/p>\n","protected":false},"author":4,"featured_media":38762,"comment_status":"open","ping_status":"closed","sticky":false,"template":"","format":"standard","meta":{"om_disable_all_campaigns":false,"_jetpack_memberships_contains_paid_content":false,"footnotes":""},"categories":[621],"tags":[],"class_list":["post-38761","post","type-post","status-publish","format-standard","has-post-thumbnail","hentry","category-regionales"],"aioseo_notices":[],"gutentor_comment":0,"jetpack_featured_media_url":"https:\/\/eldiariodesanpedro.com.ar\/sitio\/wp-content\/uploads\/2018\/08\/elnorte5b7bcf88213e5_8-dia-del-nino-aerea.jpg","jetpack_shortlink":"https:\/\/wp.me\/p6RhLt-a5b","jetpack_sharing_enabled":true,"_links":{"self":[{"href":"https:\/\/eldiariodesanpedro.com.ar\/sitio\/wp-json\/wp\/v2\/posts\/38761","targetHints":{"allow":["GET"]}}],"collection":[{"href":"https:\/\/eldiariodesanpedro.com.ar\/sitio\/wp-json\/wp\/v2\/posts"}],"about":[{"href":"https:\/\/eldiariodesanpedro.com.ar\/sitio\/wp-json\/wp\/v2\/types\/post"}],"author":[{"embeddable":true,"href":"https:\/\/eldiariodesanpedro.com.ar\/sitio\/wp-json\/wp\/v2\/users\/4"}],"replies":[{"embeddable":true,"href":"https:\/\/eldiariodesanpedro.com.ar\/sitio\/wp-json\/wp\/v2\/comments?post=38761"}],"version-history":[{"count":1,"href":"https:\/\/eldiariodesanpedro.com.ar\/sitio\/wp-json\/wp\/v2\/posts\/38761\/revisions"}],"predecessor-version":[{"id":38763,"href":"https:\/\/eldiariodesanpedro.com.ar\/sitio\/wp-json\/wp\/v2\/posts\/38761\/revisions\/38763"}],"wp:featuredmedia":[{"embeddable":true,"href":"https:\/\/eldiariodesanpedro.com.ar\/sitio\/wp-json\/wp\/v2\/media\/38762"}],"wp:attachment":[{"href":"https:\/\/eldiariodesanpedro.com.ar\/sitio\/wp-json\/wp\/v2\/media?parent=38761"}],"wp:term":[{"taxonomy":"category","embeddable":true,"href":"https:\/\/eldiariodesanpedro.com.ar\/sitio\/wp-json\/wp\/v2\/categories?post=38761"},{"taxonomy":"post_tag","embeddable":true,"href":"https:\/\/eldiariodesanpedro.com.ar\/sitio\/wp-json\/wp\/v2\/tags?post=38761"}],"curies":[{"name":"wp","href":"https:\/\/api.w.org\/{rel}","templated":true}]}}