{"id":38753,"date":"2018-08-21T11:23:13","date_gmt":"2018-08-21T14:23:13","guid":{"rendered":"https:\/\/eldiariodesanpedro.com.ar\/sitio\/?p=38753"},"modified":"2018-08-21T11:26:30","modified_gmt":"2018-08-21T14:26:30","slug":"arrecifes-granaderos-visitaron-arrecifes","status":"publish","type":"post","link":"https:\/\/eldiariodesanpedro.com.ar\/sitio\/arrecifes-granaderos-visitaron-arrecifes\/","title":{"rendered":"ARRECIFES: Granaderos visitaron Arrecifes"},"content":{"rendered":"<p><!-- VideographyWP Plugin Message: Automatic video embedding prevented by plugin options. --><br \/>\nEl Regimiento de Granaderos a Caballo honr\u00f3 el 17 de Agosto en Arrecifes con la presencia de dos integrantes, quienes participaron del acto oficial pero adem\u00e1s, durante su estad\u00eda y acompa\u00f1ados por la directora de Cultura y Educaci\u00f3n del municipio, Stella Arzuaga, visitaron la Escuela N\u00ba 2 \u201cGral. San Mart\u00edn\u201d, la Escuela N\u00ba 5 Hip\u00f3lito Yrigoyen, el Jard\u00edn de Infantes N\u00ba 901 Gabriela Mistral, la Sala Sanmartiniana del Museo y la plaza San Mart\u00edn.<\/p>\n<p>Fuente: Arrecifes Noticias<\/p>\n","protected":false},"excerpt":{"rendered":"<p>El Regimiento de Granaderos a Caballo honr\u00f3 el 17 de Agosto en Arrecifes con la presencia de dos integrantes, quienes participaron del acto oficial pero adem\u00e1s, durante su estad\u00eda y acompa\u00f1ados por la directora de Cultura y Educaci\u00f3n del municipio, Stella Arzuaga, visitaron la Escuela N\u00ba 2 \u201cGral. San Mart\u00edn\u201d, la Escuela N\u00ba 5 Hip\u00f3lito [&hellip;]<\/p>\n","protected":false},"author":4,"featured_media":38754,"comment_status":"open","ping_status":"closed","sticky":false,"template":"","format":"standard","meta":{"om_disable_all_campaigns":false,"_jetpack_memberships_contains_paid_content":false,"footnotes":""},"categories":[621],"tags":[],"class_list":["post-38753","post","type-post","status-publish","format-standard","has-post-thumbnail","hentry","category-regionales"],"aioseo_notices":[],"gutentor_comment":0,"jetpack_featured_media_url":"https:\/\/eldiariodesanpedro.com.ar\/sitio\/wp-content\/uploads\/2018\/08\/Granaderos-jardin.jpg","jetpack_shortlink":"https:\/\/wp.me\/p6RhLt-a53","jetpack_sharing_enabled":true,"_links":{"self":[{"href":"https:\/\/eldiariodesanpedro.com.ar\/sitio\/wp-json\/wp\/v2\/posts\/38753","targetHints":{"allow":["GET"]}}],"collection":[{"href":"https:\/\/eldiariodesanpedro.com.ar\/sitio\/wp-json\/wp\/v2\/posts"}],"about":[{"href":"https:\/\/eldiariodesanpedro.com.ar\/sitio\/wp-json\/wp\/v2\/types\/post"}],"author":[{"embeddable":true,"href":"https:\/\/eldiariodesanpedro.com.ar\/sitio\/wp-json\/wp\/v2\/users\/4"}],"replies":[{"embeddable":true,"href":"https:\/\/eldiariodesanpedro.com.ar\/sitio\/wp-json\/wp\/v2\/comments?post=38753"}],"version-history":[{"count":3,"href":"https:\/\/eldiariodesanpedro.com.ar\/sitio\/wp-json\/wp\/v2\/posts\/38753\/revisions"}],"predecessor-version":[{"id":38757,"href":"https:\/\/eldiariodesanpedro.com.ar\/sitio\/wp-json\/wp\/v2\/posts\/38753\/revisions\/38757"}],"wp:featuredmedia":[{"embeddable":true,"href":"https:\/\/eldiariodesanpedro.com.ar\/sitio\/wp-json\/wp\/v2\/media\/38754"}],"wp:attachment":[{"href":"https:\/\/eldiariodesanpedro.com.ar\/sitio\/wp-json\/wp\/v2\/media?parent=38753"}],"wp:term":[{"taxonomy":"category","embeddable":true,"href":"https:\/\/eldiariodesanpedro.com.ar\/sitio\/wp-json\/wp\/v2\/categories?post=38753"},{"taxonomy":"post_tag","embeddable":true,"href":"https:\/\/eldiariodesanpedro.com.ar\/sitio\/wp-json\/wp\/v2\/tags?post=38753"}],"curies":[{"name":"wp","href":"https:\/\/api.w.org\/{rel}","templated":true}]}}