{"id":38750,"date":"2018-08-21T11:19:56","date_gmt":"2018-08-21T14:19:56","guid":{"rendered":"https:\/\/eldiariodesanpedro.com.ar\/sitio\/?p=38750"},"modified":"2018-08-21T11:19:56","modified_gmt":"2018-08-21T14:19:56","slug":"ramallo-poletti-denuncio-que-nacion-y-provincia-frenan-inversiones-por-500-millones-de-ud-en-ramallo-2","status":"publish","type":"post","link":"https:\/\/eldiariodesanpedro.com.ar\/sitio\/ramallo-poletti-denuncio-que-nacion-y-provincia-frenan-inversiones-por-500-millones-de-ud-en-ramallo-2\/","title":{"rendered":"RAMALLO: Poletti denunci\u00f3 que Naci\u00f3n y Provincia frenan inversiones por 500 millones de u$d en Ramallo"},"content":{"rendered":"<p><!-- VideographyWP Plugin Message: Automatic video embedding prevented by plugin options. --><br \/>\nPoletti denunci\u00f3 en C5N que el gobierno Nacional y Provincial mantienen frenada la llegada de 500 millones de d\u00f3lares en inversiones, ante la falta de decisiones en la homologaci\u00f3n del COUT.<\/p>\n<p>Lo hizo en el programa de Gustavo Sylvestre, en el canal C5N. Seg\u00fan el intendente, afirmo que \u201chace dos a\u00f1os y medio que esperamos la homologaci\u00f3n del C\u00f3digo\u201d, adem\u00e1s agrego que \u201chay inversiones paradas por m\u00e1s de 500 millones de pesos\u201d.<\/p>\n<p>Adem\u00e1s confirm\u00f3 que el Ministro de la Producci\u00f3n provincial, Joaqu\u00edn de la Torre, y ministro de Gobierno de Vidal, lo dejaron plantado en una reuni\u00f3n prevista para este martes, luego de la negativa de la provincia de entregar el C\u00f3digo.<\/p>\n<p>Tambi\u00e9n record\u00f3 que cuando Vidal y Macri estuvieron en la empresa Bunge, anunciaron la inversi\u00f3n de la empresa por la ampliaci\u00f3n de la aceitera unos 300 millones de d\u00f3lares, pero que esta situaci\u00f3n aleja la posibilidad de concretarla.<\/p>\n<p>Otro ejemplo que uso es de la empresa Cementos Avellaneda, que est\u00e1 lista para poder operar y emplear a 140 personas, pero las indefiniciones de Vidal hacen que no pueda trabajar.<\/p>\n","protected":false},"excerpt":{"rendered":"<p>Poletti denunci\u00f3 en C5N que el gobierno Nacional y Provincial mantienen frenada la llegada de 500 millones de d\u00f3lares en inversiones, ante la falta de decisiones en la homologaci\u00f3n del COUT. Lo hizo en el programa de Gustavo Sylvestre, en el canal C5N. Seg\u00fan el intendente, afirmo que \u201chace dos a\u00f1os y medio que esperamos [&hellip;]<\/p>\n","protected":false},"author":4,"featured_media":38751,"comment_status":"open","ping_status":"closed","sticky":false,"template":"","format":"standard","meta":{"om_disable_all_campaigns":false,"_jetpack_memberships_contains_paid_content":false,"footnotes":""},"categories":[621],"tags":[],"class_list":["post-38750","post","type-post","status-publish","format-standard","has-post-thumbnail","hentry","category-regionales"],"aioseo_notices":[],"gutentor_comment":0,"jetpack_featured_media_url":"https:\/\/eldiariodesanpedro.com.ar\/sitio\/wp-content\/uploads\/2018\/08\/polettic5n-850x491.jpg","jetpack_shortlink":"https:\/\/wp.me\/p6RhLt-a50","jetpack_sharing_enabled":true,"_links":{"self":[{"href":"https:\/\/eldiariodesanpedro.com.ar\/sitio\/wp-json\/wp\/v2\/posts\/38750","targetHints":{"allow":["GET"]}}],"collection":[{"href":"https:\/\/eldiariodesanpedro.com.ar\/sitio\/wp-json\/wp\/v2\/posts"}],"about":[{"href":"https:\/\/eldiariodesanpedro.com.ar\/sitio\/wp-json\/wp\/v2\/types\/post"}],"author":[{"embeddable":true,"href":"https:\/\/eldiariodesanpedro.com.ar\/sitio\/wp-json\/wp\/v2\/users\/4"}],"replies":[{"embeddable":true,"href":"https:\/\/eldiariodesanpedro.com.ar\/sitio\/wp-json\/wp\/v2\/comments?post=38750"}],"version-history":[{"count":1,"href":"https:\/\/eldiariodesanpedro.com.ar\/sitio\/wp-json\/wp\/v2\/posts\/38750\/revisions"}],"predecessor-version":[{"id":38752,"href":"https:\/\/eldiariodesanpedro.com.ar\/sitio\/wp-json\/wp\/v2\/posts\/38750\/revisions\/38752"}],"wp:featuredmedia":[{"embeddable":true,"href":"https:\/\/eldiariodesanpedro.com.ar\/sitio\/wp-json\/wp\/v2\/media\/38751"}],"wp:attachment":[{"href":"https:\/\/eldiariodesanpedro.com.ar\/sitio\/wp-json\/wp\/v2\/media?parent=38750"}],"wp:term":[{"taxonomy":"category","embeddable":true,"href":"https:\/\/eldiariodesanpedro.com.ar\/sitio\/wp-json\/wp\/v2\/categories?post=38750"},{"taxonomy":"post_tag","embeddable":true,"href":"https:\/\/eldiariodesanpedro.com.ar\/sitio\/wp-json\/wp\/v2\/tags?post=38750"}],"curies":[{"name":"wp","href":"https:\/\/api.w.org\/{rel}","templated":true}]}}