{"id":38747,"date":"2018-08-21T11:12:25","date_gmt":"2018-08-21T14:12:25","guid":{"rendered":"https:\/\/eldiariodesanpedro.com.ar\/sitio\/?p=38747"},"modified":"2018-08-21T11:12:25","modified_gmt":"2018-08-21T14:12:25","slug":"provincia-el-comercio-en-crisis-por-la-baja-del-consumo","status":"publish","type":"post","link":"https:\/\/eldiariodesanpedro.com.ar\/sitio\/provincia-el-comercio-en-crisis-por-la-baja-del-consumo\/","title":{"rendered":"PROVINCIA: El comercio en crisis por la baja del consumo"},"content":{"rendered":"<p><!-- VideographyWP Plugin Message: Automatic video embedding prevented by plugin options. --><br \/>\nLas ventas en los negocios minoristas cayeron 2,2% en el primer semestre y 4,1% en junio, seg\u00fan datos de FEBA. Algunos sectores de la industria no despegan. Pesimismo a futuro.<\/p>\n<p>Medidas en cantidades, las ventas minoristas en el territorio bonaerense disminuyeron 4,1% en junio y la contracci\u00f3n acumula 2,2% en el primer semestre de 2018, de acuerdo a datos de la Federaci\u00f3n Econ\u00f3mica de la provincia de Buenos Aires (FEBA).<\/p>\n<p>Los datos, correspondientes al \u00faltimo informe de la entidad, en julio, suman preocupaci\u00f3n si se tiene en cuenta que las mismas estimaciones oficiales no son alentadoras para el segundo semestre, m\u00e1s a\u00fan frente a la inestabilidad del d\u00f3lar.<\/p>\n<p>Junio representa el mes con mayor ca\u00edda en el \u00faltimo a\u00f1o y el deterioro observa una curva pronunciada desde enero; en mayo, la merma en las ventas hab\u00eda sido del 3%. \u201cLa situaci\u00f3n es muy complicada\u201d, afirm\u00f3 a La Tecla el titular de FEBA, Alberto Kahale, quien cuestion\u00f3 la falta de financia-miento adecuado para proyectos productivos ante las elevadas tasas de inter\u00e9s. \u201cAs\u00ed no hay econom\u00eda que aguante\u201d, asegur\u00f3.<\/p>\n<p>Todos los rubros observan ca\u00eddas, pero los m\u00e1s perjudicados son la industria textil y el calzado y la marroquiner\u00eda, con una baja interanual de m\u00e1s del 5%. Les siguen la venta de muebles, materiales de construcci\u00f3n y la l\u00ednea blanca de electrodom\u00e9sticos, con una disminuci\u00f3n por arriba del 4%.<\/p>\n<p>\u201cLos problemas macro-econ\u00f3micos, la incertidumbre respecto al futuro, la aceleraci\u00f3n inflacionaria (+3,9% en junio en el Gran Buenos Aires, el \u00edndice m\u00e1s alto en dos a\u00f1os) y la consecuente ca\u00edda del salario real son las principales razones\u201d que explican la ca\u00edda de ventas, de acuerdo a lo consignado en el informe de FEBA.<\/p>\n<p>Frente a ese escenario, seg\u00fan la citada entidad, para el 81% de los comerciantes, la rentabilidad no aument\u00f3. Entre las ra-zones aparece la imposibilidad de traslado a precios de los aumentos de costos producidos por la inflaci\u00f3n y la devaluaci\u00f3n del d\u00f3lar frente al peso.<\/p>\n<p>Desde el comercio reclaman medidas de reactivaci\u00f3n de la econom\u00eda y vuelven a poner el foco en la alta presi\u00f3n fiscal. M\u00e1s all\u00e1 de las medidas paliativas que puedan tomarse desde calle 6 -como los descuentos del 50% del Banco Provincia- solicitan acciones al gobierno de la Naci\u00f3n.<\/p>\n<p>A poco de asumir, el flamante ministro de Producci\u00f3n, Dante Sica, anticip\u00f3 que el segundo semestre ser\u00e1 \u201cmucho m\u00e1s dif\u00edcil\u201d. \u201cHabr\u00e1 que mirar con mucho cuidado a las Pymes, porque la crisis cambiaria ha llevado a tomar medidas extremas\u201d, se\u00f1al\u00f3. En ese momento pidi\u00f3 \u201ccuidar las cadenas de pago\u201d.<\/p>\n<p>Con los datos en la mano esperan medidas m\u00e1s significativas. Por caso, el 45% de los comercios consultados en junio expres\u00f3 que vendi\u00f3 menos unidades respecto al mismo mes del a\u00f1o anterior. Y, en ese sentido, el 31% no present\u00f3 modificaciones en su volumen vendido. Apenas el 24% de los comerciantes adujo un mayor nivel de ventas. Y, como dato positivo, surge que las ventas en supermercados del GBA subieron 1,7% en mayo, aunque se trata de un aspecto que est\u00e1 lejos del promedio.<\/p>\n<p>En el medio est\u00e1n los temidos cierres. \u201cAntes, en los centros comerciales, cada vez que cerraba un comercio hab\u00eda al-guien con intenciones de querer alquilar el local; hoy es un comercio cerrado por dos o tres meses. Eso, antes no pasaba, y es preocupante\u201d, consign\u00f3 Kahale.<\/p>\n<p>Oriundo de Lomas de Zamora, el titular de FEBA puso un ejemplo de la situaci\u00f3n en su pago natal: expres\u00f3 que en los dos \u00faltimos meses hay un local cerrado en cada cuadra de las principales calles de ese distrito del Conurbano sur. \u201cNos estamos acostumbrando a ver locales cerrados\u201d, agreg\u00f3.<\/p>\n<p>En paralelo, la situaci\u00f3n de la industria no es la mejor, de acuerdo a otro informe, de la Asociaci\u00f3n Industrial Bonaerense (ADIBA), ligada a FEBA. El sector promedi\u00f3 en los primeros cinco meses del a\u00f1o un crecimiento del 4%, al caer 0,03% en el mes de mayo con respecto a igual per\u00edodo de 2017. As\u00ed, se vio interrumpida una racha de once meses de crecimiento consecutivos.<\/p>\n<p>En este sentido, las perspectivas de ventas son pesimistas para el se-gundo semestre. En el caso de los empresarios, un 84% no espera mejoras: 46% dice que no variar\u00e1n y 38% que disminuir\u00e1n.<\/p>\n<p>Fuente: Enlace Critico<\/p>\n","protected":false},"excerpt":{"rendered":"<p>Las ventas en los negocios minoristas cayeron 2,2% en el primer semestre y 4,1% en junio, seg\u00fan datos de FEBA. Algunos sectores de la industria no despegan. Pesimismo a futuro. Medidas en cantidades, las ventas minoristas en el territorio bonaerense disminuyeron 4,1% en junio y la contracci\u00f3n acumula 2,2% en el primer semestre de 2018, [&hellip;]<\/p>\n","protected":false},"author":4,"featured_media":38748,"comment_status":"open","ping_status":"closed","sticky":false,"template":"","format":"standard","meta":{"om_disable_all_campaigns":false,"_jetpack_memberships_contains_paid_content":false,"footnotes":""},"categories":[621],"tags":[],"class_list":["post-38747","post","type-post","status-publish","format-standard","has-post-thumbnail","hentry","category-regionales"],"aioseo_notices":[],"gutentor_comment":0,"jetpack_featured_media_url":"https:\/\/eldiariodesanpedro.com.ar\/sitio\/wp-content\/uploads\/2018\/08\/crisis-comercios_658x400.jpg","jetpack_shortlink":"https:\/\/wp.me\/p6RhLt-a4X","jetpack_sharing_enabled":true,"_links":{"self":[{"href":"https:\/\/eldiariodesanpedro.com.ar\/sitio\/wp-json\/wp\/v2\/posts\/38747","targetHints":{"allow":["GET"]}}],"collection":[{"href":"https:\/\/eldiariodesanpedro.com.ar\/sitio\/wp-json\/wp\/v2\/posts"}],"about":[{"href":"https:\/\/eldiariodesanpedro.com.ar\/sitio\/wp-json\/wp\/v2\/types\/post"}],"author":[{"embeddable":true,"href":"https:\/\/eldiariodesanpedro.com.ar\/sitio\/wp-json\/wp\/v2\/users\/4"}],"replies":[{"embeddable":true,"href":"https:\/\/eldiariodesanpedro.com.ar\/sitio\/wp-json\/wp\/v2\/comments?post=38747"}],"version-history":[{"count":1,"href":"https:\/\/eldiariodesanpedro.com.ar\/sitio\/wp-json\/wp\/v2\/posts\/38747\/revisions"}],"predecessor-version":[{"id":38749,"href":"https:\/\/eldiariodesanpedro.com.ar\/sitio\/wp-json\/wp\/v2\/posts\/38747\/revisions\/38749"}],"wp:featuredmedia":[{"embeddable":true,"href":"https:\/\/eldiariodesanpedro.com.ar\/sitio\/wp-json\/wp\/v2\/media\/38748"}],"wp:attachment":[{"href":"https:\/\/eldiariodesanpedro.com.ar\/sitio\/wp-json\/wp\/v2\/media?parent=38747"}],"wp:term":[{"taxonomy":"category","embeddable":true,"href":"https:\/\/eldiariodesanpedro.com.ar\/sitio\/wp-json\/wp\/v2\/categories?post=38747"},{"taxonomy":"post_tag","embeddable":true,"href":"https:\/\/eldiariodesanpedro.com.ar\/sitio\/wp-json\/wp\/v2\/tags?post=38747"}],"curies":[{"name":"wp","href":"https:\/\/api.w.org\/{rel}","templated":true}]}}