{"id":38743,"date":"2018-08-21T10:23:59","date_gmt":"2018-08-21T13:23:59","guid":{"rendered":"https:\/\/eldiariodesanpedro.com.ar\/sitio\/?p=38743"},"modified":"2018-08-21T10:23:59","modified_gmt":"2018-08-21T13:23:59","slug":"este-miercoles-29-de-agosto-sera-la-marcha-contra-la-inseguridad","status":"publish","type":"post","link":"https:\/\/eldiariodesanpedro.com.ar\/sitio\/este-miercoles-29-de-agosto-sera-la-marcha-contra-la-inseguridad\/","title":{"rendered":"Este mi\u00e9rcoles 29 de Agosto sera la marcha contra la inseguridad"},"content":{"rendered":"<p><!-- VideographyWP Plugin Message: Automatic video embedding prevented by plugin options. --><br \/>\nLa concentraci\u00f3n ser\u00e1 en la sede de Fiscalia, el mi\u00e9rcoles 29 de Agosto del corriente a\u00f1o a las 11 de la ma\u00f1ana, para marchar por las calles hasta el Palacio Municipal.<\/p>\n<p>La marcha esta organizada por un grupo de comerciantes y mensajeros que han sufrido una seria de asaltos en lo que va del a\u00f1o, reclaman respuestas a las autoridades pol\u00edticas y judiciales.<\/p>\n<p>La semana pasada, una serie de robos en comercios provoc\u00f3 la alerta, la angustia y la preocupaci\u00f3n en la ciudad. El jueves 16, delincuentes rompieron la reja y saquearon el autoservicio Santino, ubicado en Pellegrini y Urraco; el viernes 17, alrededor de las 21.00, encapuchados asaltaron otro autoservicio, Los Pinos, ubicado en Lucio Mansilla y Miguel Porta; a esos dos casos se suman el asalto a una carnicer\u00eda de 3 de Febrero y Nuestra Se\u00f1ora del Socorro, el lunes pasado, donde tambi\u00e9n entr\u00f3 una persona armada y  el asalto a los mensajeros donde se conoci\u00f3 la noticia que un grupo de j\u00f3venes delincuentes hac\u00edan distintos llamados a las mensajer\u00edas y cuando llegaban a la direcci\u00f3n los asaltaban.<\/p>\n<p>El propietario del Autoservicio Santino pidi\u00f3 a la ciudad: \u00abpor favor necesitamos que est\u00e9n todos, todo San Pedro tiene que estar presente, basta a la inseguridad\u00bb.<\/p>\n","protected":false},"excerpt":{"rendered":"<p>La concentraci\u00f3n ser\u00e1 en la sede de Fiscalia, el mi\u00e9rcoles 29 de Agosto del corriente a\u00f1o a las 11 de la ma\u00f1ana, para marchar por las calles hasta el Palacio Municipal. La marcha esta organizada por un grupo de comerciantes y mensajeros que han sufrido una seria de asaltos en lo que va del a\u00f1o, [&hellip;]<\/p>\n","protected":false},"author":4,"featured_media":38744,"comment_status":"open","ping_status":"closed","sticky":false,"template":"","format":"standard","meta":{"om_disable_all_campaigns":false,"_jetpack_memberships_contains_paid_content":false,"footnotes":""},"categories":[101,2],"tags":[],"class_list":["post-38743","post","type-post","status-publish","format-standard","has-post-thumbnail","hentry","category-interes-general-locales","category-locales"],"aioseo_notices":[],"gutentor_comment":0,"jetpack_featured_media_url":"https:\/\/eldiariodesanpedro.com.ar\/sitio\/wp-content\/uploads\/2018\/08\/76127.jpg","jetpack_shortlink":"https:\/\/wp.me\/p6RhLt-a4T","jetpack_sharing_enabled":true,"_links":{"self":[{"href":"https:\/\/eldiariodesanpedro.com.ar\/sitio\/wp-json\/wp\/v2\/posts\/38743","targetHints":{"allow":["GET"]}}],"collection":[{"href":"https:\/\/eldiariodesanpedro.com.ar\/sitio\/wp-json\/wp\/v2\/posts"}],"about":[{"href":"https:\/\/eldiariodesanpedro.com.ar\/sitio\/wp-json\/wp\/v2\/types\/post"}],"author":[{"embeddable":true,"href":"https:\/\/eldiariodesanpedro.com.ar\/sitio\/wp-json\/wp\/v2\/users\/4"}],"replies":[{"embeddable":true,"href":"https:\/\/eldiariodesanpedro.com.ar\/sitio\/wp-json\/wp\/v2\/comments?post=38743"}],"version-history":[{"count":1,"href":"https:\/\/eldiariodesanpedro.com.ar\/sitio\/wp-json\/wp\/v2\/posts\/38743\/revisions"}],"predecessor-version":[{"id":38745,"href":"https:\/\/eldiariodesanpedro.com.ar\/sitio\/wp-json\/wp\/v2\/posts\/38743\/revisions\/38745"}],"wp:featuredmedia":[{"embeddable":true,"href":"https:\/\/eldiariodesanpedro.com.ar\/sitio\/wp-json\/wp\/v2\/media\/38744"}],"wp:attachment":[{"href":"https:\/\/eldiariodesanpedro.com.ar\/sitio\/wp-json\/wp\/v2\/media?parent=38743"}],"wp:term":[{"taxonomy":"category","embeddable":true,"href":"https:\/\/eldiariodesanpedro.com.ar\/sitio\/wp-json\/wp\/v2\/categories?post=38743"},{"taxonomy":"post_tag","embeddable":true,"href":"https:\/\/eldiariodesanpedro.com.ar\/sitio\/wp-json\/wp\/v2\/tags?post=38743"}],"curies":[{"name":"wp","href":"https:\/\/api.w.org\/{rel}","templated":true}]}}