{"id":38741,"date":"2018-08-21T10:00:37","date_gmt":"2018-08-21T13:00:37","guid":{"rendered":"https:\/\/eldiariodesanpedro.com.ar\/sitio\/?p=38741"},"modified":"2018-08-21T10:00:37","modified_gmt":"2018-08-21T13:00:37","slug":"accidente-entre-una-motocicleta-y-un-auto","status":"publish","type":"post","link":"https:\/\/eldiariodesanpedro.com.ar\/sitio\/accidente-entre-una-motocicleta-y-un-auto\/","title":{"rendered":"Accidente entre una motocicleta y un auto"},"content":{"rendered":"<p><!-- VideographyWP Plugin Message: Automatic video embedding prevented by plugin options. --><br \/>\nEste lunes por la tarde, por razones se tratan de establecer, un autom\u00f3vil  Peugeot 307 conducido por un ciudadano de 35 a\u00f1os de edad,  colisiona en intersecci\u00f3n de  calle Salta y Beaumomt, con una motocicleta  110 cc Brava conducida por un hombre  de 34.<\/p>\n<p>El ciudadano del rodado menor fue trasladado al hospital por un golpe en la cabeza con lesiones de car\u00e1cter leve, conductor autom\u00f3vil ileso. <\/p>\n<p>Comunicado con la UFI N\u00b05 judicializa actuaciones. Comisionado Polic\u00eda Cient\u00edfica al lugar, quedando veh\u00edculos secuestrados fines periciales.<\/p>\n","protected":false},"excerpt":{"rendered":"<p>Este lunes por la tarde, por razones se tratan de establecer, un autom\u00f3vil Peugeot 307 conducido por un ciudadano de 35 a\u00f1os de edad, colisiona en intersecci\u00f3n de calle Salta y Beaumomt, con una motocicleta 110 cc Brava conducida por un hombre de 34. El ciudadano del rodado menor fue trasladado al hospital por un [&hellip;]<\/p>\n","protected":false},"author":4,"featured_media":27202,"comment_status":"open","ping_status":"closed","sticky":false,"template":"","format":"standard","meta":{"om_disable_all_campaigns":false,"_jetpack_memberships_contains_paid_content":false,"footnotes":""},"categories":[2,103],"tags":[],"class_list":["post-38741","post","type-post","status-publish","format-standard","has-post-thumbnail","hentry","category-locales","category-policiales-locales"],"aioseo_notices":[],"gutentor_comment":0,"jetpack_featured_media_url":"https:\/\/eldiariodesanpedro.com.ar\/sitio\/wp-content\/uploads\/2017\/12\/ambulancia-same-provincia.jpg","jetpack_shortlink":"https:\/\/wp.me\/p6RhLt-a4R","jetpack_sharing_enabled":true,"_links":{"self":[{"href":"https:\/\/eldiariodesanpedro.com.ar\/sitio\/wp-json\/wp\/v2\/posts\/38741","targetHints":{"allow":["GET"]}}],"collection":[{"href":"https:\/\/eldiariodesanpedro.com.ar\/sitio\/wp-json\/wp\/v2\/posts"}],"about":[{"href":"https:\/\/eldiariodesanpedro.com.ar\/sitio\/wp-json\/wp\/v2\/types\/post"}],"author":[{"embeddable":true,"href":"https:\/\/eldiariodesanpedro.com.ar\/sitio\/wp-json\/wp\/v2\/users\/4"}],"replies":[{"embeddable":true,"href":"https:\/\/eldiariodesanpedro.com.ar\/sitio\/wp-json\/wp\/v2\/comments?post=38741"}],"version-history":[{"count":1,"href":"https:\/\/eldiariodesanpedro.com.ar\/sitio\/wp-json\/wp\/v2\/posts\/38741\/revisions"}],"predecessor-version":[{"id":38742,"href":"https:\/\/eldiariodesanpedro.com.ar\/sitio\/wp-json\/wp\/v2\/posts\/38741\/revisions\/38742"}],"wp:featuredmedia":[{"embeddable":true,"href":"https:\/\/eldiariodesanpedro.com.ar\/sitio\/wp-json\/wp\/v2\/media\/27202"}],"wp:attachment":[{"href":"https:\/\/eldiariodesanpedro.com.ar\/sitio\/wp-json\/wp\/v2\/media?parent=38741"}],"wp:term":[{"taxonomy":"category","embeddable":true,"href":"https:\/\/eldiariodesanpedro.com.ar\/sitio\/wp-json\/wp\/v2\/categories?post=38741"},{"taxonomy":"post_tag","embeddable":true,"href":"https:\/\/eldiariodesanpedro.com.ar\/sitio\/wp-json\/wp\/v2\/tags?post=38741"}],"curies":[{"name":"wp","href":"https:\/\/api.w.org\/{rel}","templated":true}]}}