{"id":38735,"date":"2018-08-21T09:29:24","date_gmt":"2018-08-21T12:29:24","guid":{"rendered":"https:\/\/eldiariodesanpedro.com.ar\/sitio\/?p=38735"},"modified":"2018-08-21T09:42:30","modified_gmt":"2018-08-21T12:42:30","slug":"sorprendieron-a-una-familia-por-la-madrugada-y-usurparon-su-casa","status":"publish","type":"post","link":"https:\/\/eldiariodesanpedro.com.ar\/sitio\/sorprendieron-a-una-familia-por-la-madrugada-y-usurparon-su-casa\/","title":{"rendered":"Sorprendieron a una familia por la madrugada y usurparon su casa"},"content":{"rendered":"<p><!-- VideographyWP Plugin Message: Automatic video embedding prevented by plugin options. --><br \/>\nEsta madrugada, un grupo de 5 personas, sorprendi\u00f3 a una familia que se encontraba durmiendo en su domicilio calle Jose Hernandez al 1600, donde fueron despojados de la vivienda con sus pertenencias, quedando en la calle totalmente. <\/p>\n<p>En el interior de la casa se encontraba una mujer de 53 a\u00f1os de edad, su hija de 24 y dem\u00e1s menores; los malvivientes  ingresaron a la vivienda tras saltar la reja perimetral, forzar las aberturas traseras y obligaron a quienes estaban en el interior a retirarse.<\/p>\n<p>\u00abEntraron a los gritos, violentamente, a mi nena de 14 a\u00f1os la sacaron de los pelos de abajo de la cama, todos con palos, a todos nos golpearon\u00bb, contaba la victima y agrego, \u00abnosotros hace tres a\u00f1os compramos la casa, pero estas personas quieren mas plata, no tenemos nada firmado y encima nos rompieron toda la casa\u00bb.<\/p>\n<p>En medio del conflicto tuvieron la intervenci\u00f3n de los vecinos que intentaban ayudar y personal policial que logro la aprehensi\u00f3n de las 5 personas agresoras quienes eran, tres j\u00f3venes de 18, un hombre de 36 y una mujer de 36 a\u00f1os de edad, que seg\u00fan la justicia, tienen antecedentes similares entre ambas partes.<\/p>\n<p>A los aprehendidos en su poder se les secuestro una garrafa que momentos antes intentaron hacerla explotar ante la presencia policial para que se retiren y tambi\u00e9n una cuchilla.<\/p>\n<p>El hecho fue caratulado como \u00abaprehensi\u00f3n por violaci\u00f3n de domicilio, usurpaci\u00f3n de inmueble, da\u00f1os, amenazas y lesiones\u00bb interviniendo la Fiscalia N\u00b05.<\/p>\n","protected":false},"excerpt":{"rendered":"<p>Esta madrugada, un grupo de 5 personas, sorprendi\u00f3 a una familia que se encontraba durmiendo en su domicilio calle Jose Hernandez al 1600, donde fueron despojados de la vivienda con sus pertenencias, quedando en la calle totalmente. En el interior de la casa se encontraba una mujer de 53 a\u00f1os de edad, su hija de [&hellip;]<\/p>\n","protected":false},"author":4,"featured_media":38736,"comment_status":"open","ping_status":"closed","sticky":false,"template":"","format":"standard","meta":{"om_disable_all_campaigns":false,"_jetpack_memberships_contains_paid_content":false,"footnotes":""},"categories":[50,2,103],"tags":[],"class_list":["post-38735","post","type-post","status-publish","format-standard","has-post-thumbnail","hentry","category-destacadas","category-locales","category-policiales-locales"],"aioseo_notices":[],"gutentor_comment":0,"jetpack_featured_media_url":"https:\/\/eldiariodesanpedro.com.ar\/sitio\/wp-content\/uploads\/2018\/08\/WhatsApp-Image-2018-08-21-at-09.17.41.jpeg","jetpack_shortlink":"https:\/\/wp.me\/p6RhLt-a4L","jetpack_sharing_enabled":true,"_links":{"self":[{"href":"https:\/\/eldiariodesanpedro.com.ar\/sitio\/wp-json\/wp\/v2\/posts\/38735","targetHints":{"allow":["GET"]}}],"collection":[{"href":"https:\/\/eldiariodesanpedro.com.ar\/sitio\/wp-json\/wp\/v2\/posts"}],"about":[{"href":"https:\/\/eldiariodesanpedro.com.ar\/sitio\/wp-json\/wp\/v2\/types\/post"}],"author":[{"embeddable":true,"href":"https:\/\/eldiariodesanpedro.com.ar\/sitio\/wp-json\/wp\/v2\/users\/4"}],"replies":[{"embeddable":true,"href":"https:\/\/eldiariodesanpedro.com.ar\/sitio\/wp-json\/wp\/v2\/comments?post=38735"}],"version-history":[{"count":3,"href":"https:\/\/eldiariodesanpedro.com.ar\/sitio\/wp-json\/wp\/v2\/posts\/38735\/revisions"}],"predecessor-version":[{"id":38740,"href":"https:\/\/eldiariodesanpedro.com.ar\/sitio\/wp-json\/wp\/v2\/posts\/38735\/revisions\/38740"}],"wp:featuredmedia":[{"embeddable":true,"href":"https:\/\/eldiariodesanpedro.com.ar\/sitio\/wp-json\/wp\/v2\/media\/38736"}],"wp:attachment":[{"href":"https:\/\/eldiariodesanpedro.com.ar\/sitio\/wp-json\/wp\/v2\/media?parent=38735"}],"wp:term":[{"taxonomy":"category","embeddable":true,"href":"https:\/\/eldiariodesanpedro.com.ar\/sitio\/wp-json\/wp\/v2\/categories?post=38735"},{"taxonomy":"post_tag","embeddable":true,"href":"https:\/\/eldiariodesanpedro.com.ar\/sitio\/wp-json\/wp\/v2\/tags?post=38735"}],"curies":[{"name":"wp","href":"https:\/\/api.w.org\/{rel}","templated":true}]}}