{"id":38723,"date":"2018-08-20T21:31:35","date_gmt":"2018-08-21T00:31:35","guid":{"rendered":"https:\/\/eldiariodesanpedro.com.ar\/sitio\/?p=38723"},"modified":"2026-01-24T00:11:12","modified_gmt":"2026-01-24T03:11:12","slug":"natacion-lucieron-en-el-argentino-de-santiago-del-estero-candela-raviola-doble-campeona-y-pedro-adrover-tambien-medalla-de-oro","status":"publish","type":"post","link":"https:\/\/eldiariodesanpedro.com.ar\/sitio\/natacion-lucieron-en-el-argentino-de-santiago-del-estero-candela-raviola-doble-campeona-y-pedro-adrover-tambien-medalla-de-oro\/","title":{"rendered":"NATACI\u00d3N, Lucieron en el argentino de Santiago del Estero: Candela Raviola doble campeona y Pedro Adrover tambi\u00e9n medalla de oro"},"content":{"rendered":"<p><!-- VideographyWP Plugin Message: Automatic video embedding prevented by plugin options. --><br \/>\n<strong>Foto portada: Nadadores del Club Pescadores<\/strong><\/p>\n<p> Sobresaliente actuaci\u00f3n de la nadadora del club Pescadores, quien se consagr\u00f3 el jueves y s\u00e1bado campeona argentina en el Nacional que se llev\u00f3 a cabo en Santiago del Estero. Tambi\u00e9n Pedro Adrover de N\u00e1utico logr\u00f3 tal halago.<\/p>\n<p>  El Campeonato Nacional de Infantiles y menores en el Natatorio Ol\u00edmpico se llev\u00f3 a cabo en el majestuoso \u201cMadre De Ciudades\u201d en Santiago del Estero.<\/p>\n<p>  Candela Raviola fue campeona argentina en 50 mts espalda y 100 mts espalda, adem\u00e1s medalla bronce en 100 mts mariposa. Juli\u00e1n Mariani fue tercero en 200 mts combinado.<br \/>\n  Pedro Adrover Campe\u00f3n Nacional en los 100 metros pecho. Entre 86 clubes participantes de todo el pa\u00eds, Pescadores se ubic\u00f3 en el puesto 27\u00b0 y N\u00e1utico en el 42\u00b0.<\/p>\n<p><img decoding=\"async\" data-attachment-id=\"38729\" data-permalink=\"https:\/\/eldiariodesanpedro.com.ar\/sitio\/natacion-lucieron-en-el-argentino-de-santiago-del-estero-candela-raviola-doble-campeona-y-pedro-adrover-tambien-medalla-de-oro\/equipo-de-nautico-san-pedro\/\" data-orig-file=\"https:\/\/eldiariodesanpedro.com.ar\/sitio\/wp-content\/uploads\/2018\/08\/Equipo-de-N\u00e1utico-San-Pedro.jpg\" data-orig-size=\"960,720\" data-comments-opened=\"1\" data-image-meta=\"{&quot;aperture&quot;:&quot;0&quot;,&quot;credit&quot;:&quot;&quot;,&quot;camera&quot;:&quot;&quot;,&quot;caption&quot;:&quot;&quot;,&quot;created_timestamp&quot;:&quot;0&quot;,&quot;copyright&quot;:&quot;&quot;,&quot;focal_length&quot;:&quot;0&quot;,&quot;iso&quot;:&quot;0&quot;,&quot;shutter_speed&quot;:&quot;0&quot;,&quot;title&quot;:&quot;&quot;,&quot;orientation&quot;:&quot;0&quot;}\" data-image-title=\"Equipo de N\u00e1utico San Pedro\" data-image-description=\"\" data-image-caption=\"\" data-large-file=\"https:\/\/eldiariodesanpedro.com.ar\/sitio\/wp-content\/uploads\/2018\/08\/Equipo-de-N\u00e1utico-San-Pedro.jpg\" data-src=\"https:\/\/eldiariodesanpedro.com.ar\/sitio\/wp-content\/uploads\/2018\/08\/Equipo-de-N\u00e1utico-San-Pedro.jpg\" alt=\"\" width=\"960\" height=\"720\" class=\"alignnone size-full wp-image-38729 lazyload\" data-srcset=\"https:\/\/eldiariodesanpedro.com.ar\/sitio\/wp-content\/uploads\/2018\/08\/Equipo-de-N\u00e1utico-San-Pedro.jpg 960w, https:\/\/eldiariodesanpedro.com.ar\/sitio\/wp-content\/uploads\/2018\/08\/Equipo-de-N\u00e1utico-San-Pedro-300x225.jpg 300w, https:\/\/eldiariodesanpedro.com.ar\/sitio\/wp-content\/uploads\/2018\/08\/Equipo-de-N\u00e1utico-San-Pedro-768x576.jpg 768w\" data-sizes=\"(max-width: 960px) 100vw, 960px\" src=\"data:image\/svg+xml;base64,PHN2ZyB3aWR0aD0iMSIgaGVpZ2h0PSIxIiB4bWxucz0iaHR0cDovL3d3dy53My5vcmcvMjAwMC9zdmciPjwvc3ZnPg==\" style=\"--smush-placeholder-width: 960px; --smush-placeholder-aspect-ratio: 960\/720;\" \/><br \/>\n<strong>Equipo de N\u00e1utico San Pedro<\/strong><\/p>\n","protected":false},"excerpt":{"rendered":"<p>Foto portada: Nadadores del Club Pescadores Sobresaliente actuaci\u00f3n de la nadadora del club Pescadores, quien se consagr\u00f3 el jueves y s\u00e1bado campeona argentina en el Nacional que se llev\u00f3 a cabo en Santiago del Estero. Tambi\u00e9n Pedro Adrover de N\u00e1utico logr\u00f3 tal halago. El Campeonato Nacional de Infantiles y menores en el Natatorio Ol\u00edmpico se [&hellip;]<\/p>\n","protected":false},"author":4,"featured_media":38728,"comment_status":"open","ping_status":"closed","sticky":false,"template":"","format":"standard","meta":{"om_disable_all_campaigns":false,"_jetpack_memberships_contains_paid_content":false,"footnotes":""},"categories":[5],"tags":[],"class_list":["post-38723","post","type-post","status-publish","format-standard","has-post-thumbnail","hentry","category-deportes"],"aioseo_notices":[],"gutentor_comment":0,"jetpack_featured_media_url":"https:\/\/eldiariodesanpedro.com.ar\/sitio\/wp-content\/uploads\/2018\/08\/Nadadores-del-Club-Pescadores.jpg","jetpack_shortlink":"https:\/\/wp.me\/p6RhLt-a4z","jetpack_sharing_enabled":true,"_links":{"self":[{"href":"https:\/\/eldiariodesanpedro.com.ar\/sitio\/wp-json\/wp\/v2\/posts\/38723","targetHints":{"allow":["GET"]}}],"collection":[{"href":"https:\/\/eldiariodesanpedro.com.ar\/sitio\/wp-json\/wp\/v2\/posts"}],"about":[{"href":"https:\/\/eldiariodesanpedro.com.ar\/sitio\/wp-json\/wp\/v2\/types\/post"}],"author":[{"embeddable":true,"href":"https:\/\/eldiariodesanpedro.com.ar\/sitio\/wp-json\/wp\/v2\/users\/4"}],"replies":[{"embeddable":true,"href":"https:\/\/eldiariodesanpedro.com.ar\/sitio\/wp-json\/wp\/v2\/comments?post=38723"}],"version-history":[{"count":1,"href":"https:\/\/eldiariodesanpedro.com.ar\/sitio\/wp-json\/wp\/v2\/posts\/38723\/revisions"}],"predecessor-version":[{"id":38730,"href":"https:\/\/eldiariodesanpedro.com.ar\/sitio\/wp-json\/wp\/v2\/posts\/38723\/revisions\/38730"}],"wp:featuredmedia":[{"embeddable":true,"href":"https:\/\/eldiariodesanpedro.com.ar\/sitio\/wp-json\/wp\/v2\/media\/38728"}],"wp:attachment":[{"href":"https:\/\/eldiariodesanpedro.com.ar\/sitio\/wp-json\/wp\/v2\/media?parent=38723"}],"wp:term":[{"taxonomy":"category","embeddable":true,"href":"https:\/\/eldiariodesanpedro.com.ar\/sitio\/wp-json\/wp\/v2\/categories?post=38723"},{"taxonomy":"post_tag","embeddable":true,"href":"https:\/\/eldiariodesanpedro.com.ar\/sitio\/wp-json\/wp\/v2\/tags?post=38723"}],"curies":[{"name":"wp","href":"https:\/\/api.w.org\/{rel}","templated":true}]}}