{"id":38715,"date":"2018-08-20T21:22:22","date_gmt":"2018-08-21T00:22:22","guid":{"rendered":"https:\/\/eldiariodesanpedro.com.ar\/sitio\/?p=38715"},"modified":"2018-08-20T21:22:22","modified_gmt":"2018-08-21T00:22:22","slug":"rojas-inminente-finalizacion-de-la-reparacion-de-los-techos-del-cementerio","status":"publish","type":"post","link":"https:\/\/eldiariodesanpedro.com.ar\/sitio\/rojas-inminente-finalizacion-de-la-reparacion-de-los-techos-del-cementerio\/","title":{"rendered":"ROJAS: Inminente finalizaci\u00f3n de la reparaci\u00f3n de los techos del cementerio"},"content":{"rendered":"<p><!-- VideographyWP Plugin Message: Automatic video embedding prevented by plugin options. --><br \/>\nHace un par de meses atr\u00e1s inici\u00f3 la obra en el Cementerio que consiste en cambiar y mejorar m\u00e1s de 90 metros lineales de los techos de las oficinas principales, capilla y nichos que dan a la avenida Helguera. Para darle soluci\u00f3n de fondo a una problem\u00e1tica de vieja data el Municipio invirti\u00f3 cerca de 250 mil pesos. Los trabajos se dividieron en tres etapas y, por estos d\u00edas, estar\u00e1 termin\u00e1ndose la parte final que consiste en la impermeabilizaci\u00f3n de algunos sectores ya intervenidos.<\/p>\n<p>  La obra comenz\u00f3 a finales de mayo en los techos de la capilla y las oficinas, donde se sacaron todas las estructuras viejas y chapas, y se colocaron nuevas. En la segunda etapa fueron intervenidos los techos de los nichos; primero se quit\u00f3 la obsoleta membrana deteriorada, se hidrolav\u00f3 y se impermeabiliz\u00f3 la cubierta. La etapa final fue similar a la anterior, pero con el agregado de unas mejoras extras que fueron necesarias para dejar la cubierta superior en condiciones \u00f3ptimas.<br \/>\n  De m\u00e1s est\u00e1 decir que los techos estaban en muy mal estado. Eso por eso que requer\u00edan de una intervenci\u00f3n urgente con las caracter\u00edsticas de los trabajos ejecutados para que las mejoras perduren en el tiempo.<\/p>\n","protected":false},"excerpt":{"rendered":"<p>Hace un par de meses atr\u00e1s inici\u00f3 la obra en el Cementerio que consiste en cambiar y mejorar m\u00e1s de 90 metros lineales de los techos de las oficinas principales, capilla y nichos que dan a la avenida Helguera. Para darle soluci\u00f3n de fondo a una problem\u00e1tica de vieja data el Municipio invirti\u00f3 cerca de [&hellip;]<\/p>\n","protected":false},"author":4,"featured_media":38717,"comment_status":"open","ping_status":"closed","sticky":false,"template":"","format":"standard","meta":{"om_disable_all_campaigns":false,"_jetpack_memberships_contains_paid_content":false,"footnotes":""},"categories":[621],"tags":[],"class_list":["post-38715","post","type-post","status-publish","format-standard","has-post-thumbnail","hentry","category-regionales"],"aioseo_notices":[],"gutentor_comment":0,"jetpack_featured_media_url":"https:\/\/eldiariodesanpedro.com.ar\/sitio\/wp-content\/uploads\/2018\/08\/Inminente-finalizaci\u00f3n-de-la-reparaci\u00f3n-de-los-techos-del-cementerio.jpg","jetpack_shortlink":"https:\/\/wp.me\/p6RhLt-a4r","jetpack_sharing_enabled":true,"_links":{"self":[{"href":"https:\/\/eldiariodesanpedro.com.ar\/sitio\/wp-json\/wp\/v2\/posts\/38715","targetHints":{"allow":["GET"]}}],"collection":[{"href":"https:\/\/eldiariodesanpedro.com.ar\/sitio\/wp-json\/wp\/v2\/posts"}],"about":[{"href":"https:\/\/eldiariodesanpedro.com.ar\/sitio\/wp-json\/wp\/v2\/types\/post"}],"author":[{"embeddable":true,"href":"https:\/\/eldiariodesanpedro.com.ar\/sitio\/wp-json\/wp\/v2\/users\/4"}],"replies":[{"embeddable":true,"href":"https:\/\/eldiariodesanpedro.com.ar\/sitio\/wp-json\/wp\/v2\/comments?post=38715"}],"version-history":[{"count":1,"href":"https:\/\/eldiariodesanpedro.com.ar\/sitio\/wp-json\/wp\/v2\/posts\/38715\/revisions"}],"predecessor-version":[{"id":38719,"href":"https:\/\/eldiariodesanpedro.com.ar\/sitio\/wp-json\/wp\/v2\/posts\/38715\/revisions\/38719"}],"wp:featuredmedia":[{"embeddable":true,"href":"https:\/\/eldiariodesanpedro.com.ar\/sitio\/wp-json\/wp\/v2\/media\/38717"}],"wp:attachment":[{"href":"https:\/\/eldiariodesanpedro.com.ar\/sitio\/wp-json\/wp\/v2\/media?parent=38715"}],"wp:term":[{"taxonomy":"category","embeddable":true,"href":"https:\/\/eldiariodesanpedro.com.ar\/sitio\/wp-json\/wp\/v2\/categories?post=38715"},{"taxonomy":"post_tag","embeddable":true,"href":"https:\/\/eldiariodesanpedro.com.ar\/sitio\/wp-json\/wp\/v2\/tags?post=38715"}],"curies":[{"name":"wp","href":"https:\/\/api.w.org\/{rel}","templated":true}]}}