{"id":38714,"date":"2018-08-20T21:22:24","date_gmt":"2018-08-21T00:22:24","guid":{"rendered":"https:\/\/eldiariodesanpedro.com.ar\/sitio\/?p=38714"},"modified":"2018-08-20T21:22:24","modified_gmt":"2018-08-21T00:22:24","slug":"zarate-mujeres-solidarias-junto-a-bomberos-voluntarios-de-zarate","status":"publish","type":"post","link":"https:\/\/eldiariodesanpedro.com.ar\/sitio\/zarate-mujeres-solidarias-junto-a-bomberos-voluntarios-de-zarate\/","title":{"rendered":"Z\u00c1RATE: Mujeres Solidarias junto a Bomberos Voluntarios de Z\u00e1rate"},"content":{"rendered":"<p><!-- VideographyWP Plugin Message: Automatic video embedding prevented by plugin options. --><br \/>\nEn la tarde de este martes, en conferencia de prensa, las Mujeres Solidarias junto a Bomberos Voluntarios de Z\u00e1rate, anunciaron la campa\u00f1a que iniciar\u00e1n durante septiembre para colaborar con la dif\u00edcil situaci\u00f3n econ\u00f3mica que atraviesa el Cuerpo.<\/p>\n<p>  \u201cEstamos muy felices porque cuando se enteraron, las Mujeres Solidarias fueron las primeras que se acercaron\u201d, se\u00f1al\u00f3 Pedro R\u00edos, presidente de la Comisi\u00f3n Directiva de la entidad.<\/p>\n<p>  \u201cEstamos muy agradecidos y esto nos da fuerza y un poco m\u00e1s de \u00e1nimos para seguir\u201d, agreg\u00f3.<br \/>\n  \u201cEs la campa\u00f1a que hemos hecho varias veces, con urnas que estar\u00e1n en distintos puntos de la Ciudad coordinada por una de la Mujeres Solidarias y un miembro del Cuartel\u201d, se\u00f1alaba Ana Almir\u00f3n, referente del organismo solidario.<\/p>\n<p>  \u201cEllos nos contaron los problemas que se les originaron a partir del corte del subsidio de la Naci\u00f3n y la imposibilidad que Cooperativa El\u00e9ctrica los pudiera seguir ayudando\u201d, remarc\u00f3.<\/p>\n<p>Fuente: Enlace Critico<\/p>\n","protected":false},"excerpt":{"rendered":"<p>En la tarde de este martes, en conferencia de prensa, las Mujeres Solidarias junto a Bomberos Voluntarios de Z\u00e1rate, anunciaron la campa\u00f1a que iniciar\u00e1n durante septiembre para colaborar con la dif\u00edcil situaci\u00f3n econ\u00f3mica que atraviesa el Cuerpo. \u201cEstamos muy felices porque cuando se enteraron, las Mujeres Solidarias fueron las primeras que se acercaron\u201d, se\u00f1al\u00f3 Pedro [&hellip;]<\/p>\n","protected":false},"author":4,"featured_media":38716,"comment_status":"open","ping_status":"closed","sticky":false,"template":"","format":"standard","meta":{"om_disable_all_campaigns":false,"_jetpack_memberships_contains_paid_content":false,"footnotes":""},"categories":[621],"tags":[],"class_list":["post-38714","post","type-post","status-publish","format-standard","has-post-thumbnail","hentry","category-regionales"],"aioseo_notices":[],"gutentor_comment":0,"jetpack_featured_media_url":"https:\/\/eldiariodesanpedro.com.ar\/sitio\/wp-content\/uploads\/2018\/08\/Mujeres-Solidarias-junto-a-Bomberos-Voluntarios-de-Z\u00e1rate.jpg","jetpack_shortlink":"https:\/\/wp.me\/p6RhLt-a4q","jetpack_sharing_enabled":true,"_links":{"self":[{"href":"https:\/\/eldiariodesanpedro.com.ar\/sitio\/wp-json\/wp\/v2\/posts\/38714","targetHints":{"allow":["GET"]}}],"collection":[{"href":"https:\/\/eldiariodesanpedro.com.ar\/sitio\/wp-json\/wp\/v2\/posts"}],"about":[{"href":"https:\/\/eldiariodesanpedro.com.ar\/sitio\/wp-json\/wp\/v2\/types\/post"}],"author":[{"embeddable":true,"href":"https:\/\/eldiariodesanpedro.com.ar\/sitio\/wp-json\/wp\/v2\/users\/4"}],"replies":[{"embeddable":true,"href":"https:\/\/eldiariodesanpedro.com.ar\/sitio\/wp-json\/wp\/v2\/comments?post=38714"}],"version-history":[{"count":1,"href":"https:\/\/eldiariodesanpedro.com.ar\/sitio\/wp-json\/wp\/v2\/posts\/38714\/revisions"}],"predecessor-version":[{"id":38720,"href":"https:\/\/eldiariodesanpedro.com.ar\/sitio\/wp-json\/wp\/v2\/posts\/38714\/revisions\/38720"}],"wp:featuredmedia":[{"embeddable":true,"href":"https:\/\/eldiariodesanpedro.com.ar\/sitio\/wp-json\/wp\/v2\/media\/38716"}],"wp:attachment":[{"href":"https:\/\/eldiariodesanpedro.com.ar\/sitio\/wp-json\/wp\/v2\/media?parent=38714"}],"wp:term":[{"taxonomy":"category","embeddable":true,"href":"https:\/\/eldiariodesanpedro.com.ar\/sitio\/wp-json\/wp\/v2\/categories?post=38714"},{"taxonomy":"post_tag","embeddable":true,"href":"https:\/\/eldiariodesanpedro.com.ar\/sitio\/wp-json\/wp\/v2\/tags?post=38714"}],"curies":[{"name":"wp","href":"https:\/\/api.w.org\/{rel}","templated":true}]}}