{"id":38706,"date":"2018-08-20T21:18:53","date_gmt":"2018-08-21T00:18:53","guid":{"rendered":"https:\/\/eldiariodesanpedro.com.ar\/sitio\/?p=38706"},"modified":"2018-08-20T21:18:53","modified_gmt":"2018-08-21T00:18:53","slug":"baradero-robaron-en-la-sede-de-la-sociedad-italiana-de-baradero","status":"publish","type":"post","link":"https:\/\/eldiariodesanpedro.com.ar\/sitio\/baradero-robaron-en-la-sede-de-la-sociedad-italiana-de-baradero\/","title":{"rendered":"BARADERO: Robaron en la sede de la Sociedad Italiana de Baradero"},"content":{"rendered":"<p><!-- VideographyWP Plugin Message: Automatic video embedding prevented by plugin options. --><br \/>\nEl episodio habr\u00eda ocurrido esta madrugada en las oficinas ubicadas en Oro al 200. La secretaria del lugar descubri\u00f3 el episodio al llegar. Se llevaron dinero y revolvieron en el interior.<\/p>\n<p>  Uno de los miembros de la S.I. coment\u00f3 a este medio que \u201cse retiraron cerca de la medianoche luego de la funci\u00f3n de cine\u201d.<br \/>\n  Al regresar est\u00e1 ma\u00f1ana la Secretaria de la instituci\u00f3n descubri\u00f3 lo ocurrido.<br \/>\n  Autores ignorados ingresaron a las oficinas de Oro al 200. Revolvieron todos los armarios. Violentaron una caja fuerte y del interior se llevaron dinero que a\u00fan no se preciso la cifra.<br \/>\n  La Polic\u00eda fue alertada del hecho y personal de cient\u00edfica realiz\u00f3 el levantamiento de huellas est\u00e1 tarde.<\/p>\n<p>Fuente: Tu l\u00ednea Directa<\/p>\n","protected":false},"excerpt":{"rendered":"<p>El episodio habr\u00eda ocurrido esta madrugada en las oficinas ubicadas en Oro al 200. La secretaria del lugar descubri\u00f3 el episodio al llegar. Se llevaron dinero y revolvieron en el interior. Uno de los miembros de la S.I. coment\u00f3 a este medio que \u201cse retiraron cerca de la medianoche luego de la funci\u00f3n de cine\u201d. [&hellip;]<\/p>\n","protected":false},"author":4,"featured_media":38711,"comment_status":"open","ping_status":"closed","sticky":false,"template":"","format":"standard","meta":{"om_disable_all_campaigns":false,"_jetpack_memberships_contains_paid_content":false,"footnotes":""},"categories":[621],"tags":[],"class_list":["post-38706","post","type-post","status-publish","format-standard","has-post-thumbnail","hentry","category-regionales"],"aioseo_notices":[],"gutentor_comment":0,"jetpack_featured_media_url":"https:\/\/eldiariodesanpedro.com.ar\/sitio\/wp-content\/uploads\/2018\/08\/Robaron-en-la-sede-de-la-Sociedad-Italiana-de-Baradero.jpg","jetpack_shortlink":"https:\/\/wp.me\/p6RhLt-a4i","jetpack_sharing_enabled":true,"_links":{"self":[{"href":"https:\/\/eldiariodesanpedro.com.ar\/sitio\/wp-json\/wp\/v2\/posts\/38706","targetHints":{"allow":["GET"]}}],"collection":[{"href":"https:\/\/eldiariodesanpedro.com.ar\/sitio\/wp-json\/wp\/v2\/posts"}],"about":[{"href":"https:\/\/eldiariodesanpedro.com.ar\/sitio\/wp-json\/wp\/v2\/types\/post"}],"author":[{"embeddable":true,"href":"https:\/\/eldiariodesanpedro.com.ar\/sitio\/wp-json\/wp\/v2\/users\/4"}],"replies":[{"embeddable":true,"href":"https:\/\/eldiariodesanpedro.com.ar\/sitio\/wp-json\/wp\/v2\/comments?post=38706"}],"version-history":[{"count":2,"href":"https:\/\/eldiariodesanpedro.com.ar\/sitio\/wp-json\/wp\/v2\/posts\/38706\/revisions"}],"predecessor-version":[{"id":38713,"href":"https:\/\/eldiariodesanpedro.com.ar\/sitio\/wp-json\/wp\/v2\/posts\/38706\/revisions\/38713"}],"wp:featuredmedia":[{"embeddable":true,"href":"https:\/\/eldiariodesanpedro.com.ar\/sitio\/wp-json\/wp\/v2\/media\/38711"}],"wp:attachment":[{"href":"https:\/\/eldiariodesanpedro.com.ar\/sitio\/wp-json\/wp\/v2\/media?parent=38706"}],"wp:term":[{"taxonomy":"category","embeddable":true,"href":"https:\/\/eldiariodesanpedro.com.ar\/sitio\/wp-json\/wp\/v2\/categories?post=38706"},{"taxonomy":"post_tag","embeddable":true,"href":"https:\/\/eldiariodesanpedro.com.ar\/sitio\/wp-json\/wp\/v2\/tags?post=38706"}],"curies":[{"name":"wp","href":"https:\/\/api.w.org\/{rel}","templated":true}]}}