{"id":38705,"date":"2018-08-20T21:17:12","date_gmt":"2018-08-21T00:17:12","guid":{"rendered":"https:\/\/eldiariodesanpedro.com.ar\/sitio\/?p=38705"},"modified":"2018-08-20T21:17:12","modified_gmt":"2018-08-21T00:17:12","slug":"san-nicolas-accidente-en-ruta-12-fallecio-la-otra-persona-herida-que-estaba-en-grave-estado","status":"publish","type":"post","link":"https:\/\/eldiariodesanpedro.com.ar\/sitio\/san-nicolas-accidente-en-ruta-12-fallecio-la-otra-persona-herida-que-estaba-en-grave-estado\/","title":{"rendered":"SAN NICOL\u00c1S: Accidente en Ruta 12: Falleci\u00f3 la otra persona herida que estaba en grave estado"},"content":{"rendered":"<p><!-- VideographyWP Plugin Message: Automatic video embedding prevented by plugin options. --><br \/>\nFalleci\u00f3 la mujer de 71 a\u00f1os que viajaba en el mismo veh\u00edculo que la primera v\u00edctima fatal, Diana Durrels, vecina de Z\u00e1rate. El accidente ocurri\u00f3 el s\u00e1bado por la tarde en la zona de la autov\u00eda de la ruta 12, en cercan\u00edas de Ceibas.<\/p>\n<p>  En la tarde de este s\u00e1bado se produjo un violento choque entre dos veh\u00edculos, en la zona de la autov\u00eda de la ruta 12, en cercan\u00edas de Ceibas. Un auto Ford Fiesta Max despist\u00f3 y se cruz\u00f3 de mano, colisionando frontalmente contra una camioneta Ford EcoSport.<br \/>\n  De acuerdo al parte m\u00e9dico emitido desde la Guardia M\u00e9dica del Hospital Centenario Gualeguaych\u00fa, la mujer estaba en estado cr\u00edtico por los politraumatismos que le causaron una hemorragia interna.<\/p>\n<p>Fuente: Enlace Cr\u00edtico <\/p>\n","protected":false},"excerpt":{"rendered":"<p>Falleci\u00f3 la mujer de 71 a\u00f1os que viajaba en el mismo veh\u00edculo que la primera v\u00edctima fatal, Diana Durrels, vecina de Z\u00e1rate. El accidente ocurri\u00f3 el s\u00e1bado por la tarde en la zona de la autov\u00eda de la ruta 12, en cercan\u00edas de Ceibas. En la tarde de este s\u00e1bado se produjo un violento choque [&hellip;]<\/p>\n","protected":false},"author":4,"featured_media":38709,"comment_status":"open","ping_status":"closed","sticky":false,"template":"","format":"standard","meta":{"om_disable_all_campaigns":false,"_jetpack_memberships_contains_paid_content":false,"footnotes":""},"categories":[621],"tags":[],"class_list":["post-38705","post","type-post","status-publish","format-standard","has-post-thumbnail","hentry","category-regionales"],"aioseo_notices":[],"gutentor_comment":0,"jetpack_featured_media_url":"https:\/\/eldiariodesanpedro.com.ar\/sitio\/wp-content\/uploads\/2018\/08\/Accidente-en-Ruta-12.jpg","jetpack_shortlink":"https:\/\/wp.me\/p6RhLt-a4h","jetpack_sharing_enabled":true,"_links":{"self":[{"href":"https:\/\/eldiariodesanpedro.com.ar\/sitio\/wp-json\/wp\/v2\/posts\/38705","targetHints":{"allow":["GET"]}}],"collection":[{"href":"https:\/\/eldiariodesanpedro.com.ar\/sitio\/wp-json\/wp\/v2\/posts"}],"about":[{"href":"https:\/\/eldiariodesanpedro.com.ar\/sitio\/wp-json\/wp\/v2\/types\/post"}],"author":[{"embeddable":true,"href":"https:\/\/eldiariodesanpedro.com.ar\/sitio\/wp-json\/wp\/v2\/users\/4"}],"replies":[{"embeddable":true,"href":"https:\/\/eldiariodesanpedro.com.ar\/sitio\/wp-json\/wp\/v2\/comments?post=38705"}],"version-history":[{"count":1,"href":"https:\/\/eldiariodesanpedro.com.ar\/sitio\/wp-json\/wp\/v2\/posts\/38705\/revisions"}],"predecessor-version":[{"id":38710,"href":"https:\/\/eldiariodesanpedro.com.ar\/sitio\/wp-json\/wp\/v2\/posts\/38705\/revisions\/38710"}],"wp:featuredmedia":[{"embeddable":true,"href":"https:\/\/eldiariodesanpedro.com.ar\/sitio\/wp-json\/wp\/v2\/media\/38709"}],"wp:attachment":[{"href":"https:\/\/eldiariodesanpedro.com.ar\/sitio\/wp-json\/wp\/v2\/media?parent=38705"}],"wp:term":[{"taxonomy":"category","embeddable":true,"href":"https:\/\/eldiariodesanpedro.com.ar\/sitio\/wp-json\/wp\/v2\/categories?post=38705"},{"taxonomy":"post_tag","embeddable":true,"href":"https:\/\/eldiariodesanpedro.com.ar\/sitio\/wp-json\/wp\/v2\/tags?post=38705"}],"curies":[{"name":"wp","href":"https:\/\/api.w.org\/{rel}","templated":true}]}}