{"id":38704,"date":"2018-08-20T21:15:15","date_gmt":"2018-08-21T00:15:15","guid":{"rendered":"https:\/\/eldiariodesanpedro.com.ar\/sitio\/?p=38704"},"modified":"2018-08-20T21:15:15","modified_gmt":"2018-08-21T00:15:15","slug":"presentacion-de-la-franela-en-la-xvi-fiesta-nacional-de-la-ensaimada","status":"publish","type":"post","link":"https:\/\/eldiariodesanpedro.com.ar\/sitio\/presentacion-de-la-franela-en-la-xvi-fiesta-nacional-de-la-ensaimada\/","title":{"rendered":"Presentaci\u00f3n de la Franela en la XVI Fiesta Nacional de la Ensaimada"},"content":{"rendered":"<p><!-- VideographyWP Plugin Message: Automatic video embedding prevented by plugin options. --><br \/>\nLa reconocida banda present\u00f3 el video grabado en Vta. de Obligado en el cierre de la jornada del domingo. Una multitud acompa\u00f1\u00f3 las distintas actividades programadas por la organizaci\u00f3n.<\/p>\n<p>  La XVI Fiesta Nacional de la Ensaimada recobr\u00f3 el marco esperado durante la jornada del domingo luego de que el s\u00e1bado sufriera varias modificaciones ante la adversidad clim\u00e1tica.<br \/>\n  Las propuestas gastron\u00f3micas, los stands, las artesan\u00edas y las carpas institucionales fueron visitadas por miles de personas que principalmente en el mediod\u00eda y la tarde del segundo d\u00eda se volcaron masivamente al Paseo P\u00fablico Municipal. Lo mismo aconteci\u00f3 con las charlas y talleres programados por la Agrupaci\u00f3n Mallorca y la Direcci\u00f3n de Cultura, que fueron las organizadoras de la celebraci\u00f3n sampedrina.<br \/>\n  Sobre el escenario se ofrecieron los shows de bailes a cargo de los grupos de la Agrupaci\u00f3n Mallorca y la presentaci\u00f3n de las bandas locales King Bee y Sin Direcci\u00f3n.<br \/>\n  El cierre estuvo a cargo de La Franela, la banda que grav\u00f3 su video oficial hace unos meses en Vuelta de Obligado y lo comparti\u00f3 con el p\u00fablico sampedrino.<br \/>\n  El lunes se realiz\u00f3 la segunda jornada de la fiesta con un sol espl\u00e9ndido que acompa\u00f1o toda la jornada se presentaron programaci\u00f3n se completa con la grilla postergada del s\u00e1bado. Pichuco G\u00f3mez, Joselito, el Mono Velo y Los Chamacumbias. <\/p>\n","protected":false},"excerpt":{"rendered":"<p>La reconocida banda present\u00f3 el video grabado en Vta. de Obligado en el cierre de la jornada del domingo. Una multitud acompa\u00f1\u00f3 las distintas actividades programadas por la organizaci\u00f3n. La XVI Fiesta Nacional de la Ensaimada recobr\u00f3 el marco esperado durante la jornada del domingo luego de que el s\u00e1bado sufriera varias modificaciones ante la [&hellip;]<\/p>\n","protected":false},"author":4,"featured_media":38707,"comment_status":"open","ping_status":"closed","sticky":false,"template":"","format":"standard","meta":{"om_disable_all_campaigns":false,"_jetpack_memberships_contains_paid_content":false,"footnotes":""},"categories":[101,2],"tags":[],"class_list":["post-38704","post","type-post","status-publish","format-standard","has-post-thumbnail","hentry","category-interes-general-locales","category-locales"],"aioseo_notices":[],"gutentor_comment":0,"jetpack_featured_media_url":"https:\/\/eldiariodesanpedro.com.ar\/sitio\/wp-content\/uploads\/2018\/08\/Presentaci\u00f3n-de-la-Franela-en-la-XVI-Fiesta-Nacional-de-la-Ensaimada.jpeg","jetpack_shortlink":"https:\/\/wp.me\/p6RhLt-a4g","jetpack_sharing_enabled":true,"_links":{"self":[{"href":"https:\/\/eldiariodesanpedro.com.ar\/sitio\/wp-json\/wp\/v2\/posts\/38704","targetHints":{"allow":["GET"]}}],"collection":[{"href":"https:\/\/eldiariodesanpedro.com.ar\/sitio\/wp-json\/wp\/v2\/posts"}],"about":[{"href":"https:\/\/eldiariodesanpedro.com.ar\/sitio\/wp-json\/wp\/v2\/types\/post"}],"author":[{"embeddable":true,"href":"https:\/\/eldiariodesanpedro.com.ar\/sitio\/wp-json\/wp\/v2\/users\/4"}],"replies":[{"embeddable":true,"href":"https:\/\/eldiariodesanpedro.com.ar\/sitio\/wp-json\/wp\/v2\/comments?post=38704"}],"version-history":[{"count":1,"href":"https:\/\/eldiariodesanpedro.com.ar\/sitio\/wp-json\/wp\/v2\/posts\/38704\/revisions"}],"predecessor-version":[{"id":38708,"href":"https:\/\/eldiariodesanpedro.com.ar\/sitio\/wp-json\/wp\/v2\/posts\/38704\/revisions\/38708"}],"wp:featuredmedia":[{"embeddable":true,"href":"https:\/\/eldiariodesanpedro.com.ar\/sitio\/wp-json\/wp\/v2\/media\/38707"}],"wp:attachment":[{"href":"https:\/\/eldiariodesanpedro.com.ar\/sitio\/wp-json\/wp\/v2\/media?parent=38704"}],"wp:term":[{"taxonomy":"category","embeddable":true,"href":"https:\/\/eldiariodesanpedro.com.ar\/sitio\/wp-json\/wp\/v2\/categories?post=38704"},{"taxonomy":"post_tag","embeddable":true,"href":"https:\/\/eldiariodesanpedro.com.ar\/sitio\/wp-json\/wp\/v2\/tags?post=38704"}],"curies":[{"name":"wp","href":"https:\/\/api.w.org\/{rel}","templated":true}]}}