{"id":38700,"date":"2018-08-20T18:31:44","date_gmt":"2018-08-20T21:31:44","guid":{"rendered":"https:\/\/eldiariodesanpedro.com.ar\/sitio\/?p=38700"},"modified":"2018-08-20T18:31:44","modified_gmt":"2018-08-20T21:31:44","slug":"el-intendente-recorrio-los-nuevos-montes-de-duraznos-en-la-santina","status":"publish","type":"post","link":"https:\/\/eldiariodesanpedro.com.ar\/sitio\/el-intendente-recorrio-los-nuevos-montes-de-duraznos-en-la-santina\/","title":{"rendered":"El Intendente recorri\u00f3 los nuevos montes de duraznos en La Santina"},"content":{"rendered":"<p><!-- VideographyWP Plugin Message: Automatic video embedding prevented by plugin options. --><br \/>\nAutoridades municipales visitaron esta ma\u00f1ana las instalaciones de La Santina, propiedad de la familia Andreani. El Intendente Municipal Cecilio Salazar, el Secretario de Gobierno Silvio Corti y el Subsecretario de Desarrollo Econ\u00f3mico Alfredo Camilletti y el Coordinador de Producci\u00f3n Hugo Ram\u00edrez, recorrieron junto a miembros de la familia y de la empresa, el lugar en el que la firma ha decidido plantar nuevos montes de duraznos. <\/p>\n<p>Esta nueva demostraci\u00f3n de confianza con el futuro de la producci\u00f3n regional que intenta recuperarse con acciones compartidas desde el sector p\u00fablico y desde el sector privado es sumamente importante, particularmente en este contexto en el que desde el gobierno local se vienen generando acciones para respaldar y estimular a todos aquellos que est\u00e9n interesados en la fruticultura que constituye una de las fuentes de trabajo que mayor impulso tuvo hist\u00f3ricamente en la regi\u00f3n y que se desea regenerar.<\/p>\n<p>El Intendente charl\u00f3 con los trabajadores, recorri\u00f3 los montes y comparti\u00f3 un agradable momento junto a otros miembros del gabinete en este predio ubicado sobre el cruce de las Rutas 9 y 1001.<\/p>\n<p>A pocos metros de all\u00ed tambi\u00e9n recorrieron el emprendimiento tur\u00edstico de la empresa que sumar\u00e1 a las comodidades que ya ofrece en una Posada de Campo, 9 departamentos nuevos y un nuevo sal\u00f3n de eventos con infraestructura de primer nivel.<\/p>\n","protected":false},"excerpt":{"rendered":"<p>Autoridades municipales visitaron esta ma\u00f1ana las instalaciones de La Santina, propiedad de la familia Andreani. El Intendente Municipal Cecilio Salazar, el Secretario de Gobierno Silvio Corti y el Subsecretario de Desarrollo Econ\u00f3mico Alfredo Camilletti y el Coordinador de Producci\u00f3n Hugo Ram\u00edrez, recorrieron junto a miembros de la familia y de la empresa, el lugar en [&hellip;]<\/p>\n","protected":false},"author":4,"featured_media":38701,"comment_status":"open","ping_status":"closed","sticky":false,"template":"","format":"standard","meta":{"om_disable_all_campaigns":false,"_jetpack_memberships_contains_paid_content":false,"footnotes":""},"categories":[101,2],"tags":[],"class_list":["post-38700","post","type-post","status-publish","format-standard","has-post-thumbnail","hentry","category-interes-general-locales","category-locales"],"aioseo_notices":[],"gutentor_comment":0,"jetpack_featured_media_url":"https:\/\/eldiariodesanpedro.com.ar\/sitio\/wp-content\/uploads\/2018\/08\/12345.jpg","jetpack_shortlink":"https:\/\/wp.me\/p6RhLt-a4c","jetpack_sharing_enabled":true,"_links":{"self":[{"href":"https:\/\/eldiariodesanpedro.com.ar\/sitio\/wp-json\/wp\/v2\/posts\/38700","targetHints":{"allow":["GET"]}}],"collection":[{"href":"https:\/\/eldiariodesanpedro.com.ar\/sitio\/wp-json\/wp\/v2\/posts"}],"about":[{"href":"https:\/\/eldiariodesanpedro.com.ar\/sitio\/wp-json\/wp\/v2\/types\/post"}],"author":[{"embeddable":true,"href":"https:\/\/eldiariodesanpedro.com.ar\/sitio\/wp-json\/wp\/v2\/users\/4"}],"replies":[{"embeddable":true,"href":"https:\/\/eldiariodesanpedro.com.ar\/sitio\/wp-json\/wp\/v2\/comments?post=38700"}],"version-history":[{"count":1,"href":"https:\/\/eldiariodesanpedro.com.ar\/sitio\/wp-json\/wp\/v2\/posts\/38700\/revisions"}],"predecessor-version":[{"id":38702,"href":"https:\/\/eldiariodesanpedro.com.ar\/sitio\/wp-json\/wp\/v2\/posts\/38700\/revisions\/38702"}],"wp:featuredmedia":[{"embeddable":true,"href":"https:\/\/eldiariodesanpedro.com.ar\/sitio\/wp-json\/wp\/v2\/media\/38701"}],"wp:attachment":[{"href":"https:\/\/eldiariodesanpedro.com.ar\/sitio\/wp-json\/wp\/v2\/media?parent=38700"}],"wp:term":[{"taxonomy":"category","embeddable":true,"href":"https:\/\/eldiariodesanpedro.com.ar\/sitio\/wp-json\/wp\/v2\/categories?post=38700"},{"taxonomy":"post_tag","embeddable":true,"href":"https:\/\/eldiariodesanpedro.com.ar\/sitio\/wp-json\/wp\/v2\/tags?post=38700"}],"curies":[{"name":"wp","href":"https:\/\/api.w.org\/{rel}","templated":true}]}}