{"id":38697,"date":"2018-08-20T18:15:01","date_gmt":"2018-08-20T21:15:01","guid":{"rendered":"https:\/\/eldiariodesanpedro.com.ar\/sitio\/?p=38697"},"modified":"2018-08-20T18:15:01","modified_gmt":"2018-08-20T21:15:01","slug":"reunion-para-fortalecer-los-consultorios-interculturales-en-san-pedro","status":"publish","type":"post","link":"https:\/\/eldiariodesanpedro.com.ar\/sitio\/reunion-para-fortalecer-los-consultorios-interculturales-en-san-pedro\/","title":{"rendered":"Reuni\u00f3n para fortalecer los consultorios interculturales en San Pedro"},"content":{"rendered":"<p><!-- VideographyWP Plugin Message: Automatic video embedding prevented by plugin options. --><br \/>\nD\u00e1ndole continuidad a las actividades que desde el Centro El Antigal se vienen proponiendo para fortalecer el intercambio de conocimientos y propuestas relacionadas con la atenci\u00f3n de la salud con un abordaje que contenga a la medicina tradicional y a la de los pueblos originarios, se organiz\u00f3 hace pocos d\u00edas un encuentro en ese espacio. Promovido por la Cacique QOM Clara Romero y con la participaci\u00f3n del Secretario de Salud Guillermo Sancho se recibi\u00f3 al Director Provincial de Programas Sanitarios, Gabriel Gonz\u00e1lez, para una reuni\u00f3n en la que tambi\u00e9n participaron los profesionales locales que participan en los consultorios interculturales, Edgard Britos, Joel Scorchelli, Lida Ronte y Guillermo Rosales. Tambi\u00e9n fue parte de este productivo encuentro la Dra. Adriana Torriggino Directora de la Regi\u00f3n Sanitaria IV de la que depende nuestra ciudad y a trav\u00e9s de la cual se est\u00e1n impulsando acciones para reforzar los consultorios que funciona en el CIC y se gestionan programas espec\u00edficos como por ejemplo los de salud bucal.<\/p>\n","protected":false},"excerpt":{"rendered":"<p>D\u00e1ndole continuidad a las actividades que desde el Centro El Antigal se vienen proponiendo para fortalecer el intercambio de conocimientos y propuestas relacionadas con la atenci\u00f3n de la salud con un abordaje que contenga a la medicina tradicional y a la de los pueblos originarios, se organiz\u00f3 hace pocos d\u00edas un encuentro en ese espacio. [&hellip;]<\/p>\n","protected":false},"author":4,"featured_media":38698,"comment_status":"open","ping_status":"closed","sticky":false,"template":"","format":"standard","meta":{"om_disable_all_campaigns":false,"_jetpack_memberships_contains_paid_content":false,"footnotes":""},"categories":[101,2],"tags":[],"class_list":["post-38697","post","type-post","status-publish","format-standard","has-post-thumbnail","hentry","category-interes-general-locales","category-locales"],"aioseo_notices":[],"gutentor_comment":0,"jetpack_featured_media_url":"https:\/\/eldiariodesanpedro.com.ar\/sitio\/wp-content\/uploads\/2018\/08\/pastedImage-8.png","jetpack_shortlink":"https:\/\/wp.me\/p6RhLt-a49","jetpack_sharing_enabled":true,"_links":{"self":[{"href":"https:\/\/eldiariodesanpedro.com.ar\/sitio\/wp-json\/wp\/v2\/posts\/38697","targetHints":{"allow":["GET"]}}],"collection":[{"href":"https:\/\/eldiariodesanpedro.com.ar\/sitio\/wp-json\/wp\/v2\/posts"}],"about":[{"href":"https:\/\/eldiariodesanpedro.com.ar\/sitio\/wp-json\/wp\/v2\/types\/post"}],"author":[{"embeddable":true,"href":"https:\/\/eldiariodesanpedro.com.ar\/sitio\/wp-json\/wp\/v2\/users\/4"}],"replies":[{"embeddable":true,"href":"https:\/\/eldiariodesanpedro.com.ar\/sitio\/wp-json\/wp\/v2\/comments?post=38697"}],"version-history":[{"count":1,"href":"https:\/\/eldiariodesanpedro.com.ar\/sitio\/wp-json\/wp\/v2\/posts\/38697\/revisions"}],"predecessor-version":[{"id":38699,"href":"https:\/\/eldiariodesanpedro.com.ar\/sitio\/wp-json\/wp\/v2\/posts\/38697\/revisions\/38699"}],"wp:featuredmedia":[{"embeddable":true,"href":"https:\/\/eldiariodesanpedro.com.ar\/sitio\/wp-json\/wp\/v2\/media\/38698"}],"wp:attachment":[{"href":"https:\/\/eldiariodesanpedro.com.ar\/sitio\/wp-json\/wp\/v2\/media?parent=38697"}],"wp:term":[{"taxonomy":"category","embeddable":true,"href":"https:\/\/eldiariodesanpedro.com.ar\/sitio\/wp-json\/wp\/v2\/categories?post=38697"},{"taxonomy":"post_tag","embeddable":true,"href":"https:\/\/eldiariodesanpedro.com.ar\/sitio\/wp-json\/wp\/v2\/tags?post=38697"}],"curies":[{"name":"wp","href":"https:\/\/api.w.org\/{rel}","templated":true}]}}