{"id":38694,"date":"2018-08-20T18:09:01","date_gmt":"2018-08-20T21:09:01","guid":{"rendered":"https:\/\/eldiariodesanpedro.com.ar\/sitio\/?p=38694"},"modified":"2018-08-20T18:09:01","modified_gmt":"2018-08-20T21:09:01","slug":"acto-de-homenaje-al-gral-san-martin-en-la-plaza-constitucion","status":"publish","type":"post","link":"https:\/\/eldiariodesanpedro.com.ar\/sitio\/acto-de-homenaje-al-gral-san-martin-en-la-plaza-constitucion\/","title":{"rendered":"Acto de homenaje al Gral. San Mart\u00edn en la plaza Constituci\u00f3n"},"content":{"rendered":"<p><!-- VideographyWP Plugin Message: Automatic video embedding prevented by plugin options. --><br \/>\nSe cumpli\u00f3 este jueves a la tarde como es tradicional cada 17 de Agosto con el acto de homenaje al Gral. Jos\u00e9 de San Mart\u00edn organizado en conjunto por la Municipalidad de San Pedro y la Asociaci\u00f3n Sanmartiniana. En la Plaza Constituci\u00f3n y frente al Monumento que recuerda su figura se deposit\u00f3 una ofrenda floral y hablaron en representaci\u00f3n de la entidad que recuerda al pr\u00f3cer el Profesor Roberto G\u00f3mez y por la Municipalidad de San Pedro el presidente del Bloque de Concejales de CAMBIEMOS, Iv\u00e1n Paz. Estuvieron presentes miembros del gobierno municipal, integrantes de la Asociaci\u00f3n y vecinos que recordaron la figura del pr\u00f3cer. Ma\u00f1ana ser\u00e1 en Santa Luc\u00eda y en el marco de otras actividades programadas para la fecha se cumplir\u00e1 con el Acto Oficial que contar\u00e1 adem\u00e1s con un desfile institucional y tradicional.<\/p>\n","protected":false},"excerpt":{"rendered":"<p>Se cumpli\u00f3 este jueves a la tarde como es tradicional cada 17 de Agosto con el acto de homenaje al Gral. Jos\u00e9 de San Mart\u00edn organizado en conjunto por la Municipalidad de San Pedro y la Asociaci\u00f3n Sanmartiniana. En la Plaza Constituci\u00f3n y frente al Monumento que recuerda su figura se deposit\u00f3 una ofrenda floral [&hellip;]<\/p>\n","protected":false},"author":4,"featured_media":38695,"comment_status":"open","ping_status":"closed","sticky":false,"template":"","format":"standard","meta":{"om_disable_all_campaigns":false,"_jetpack_memberships_contains_paid_content":false,"footnotes":""},"categories":[101,2],"tags":[],"class_list":["post-38694","post","type-post","status-publish","format-standard","has-post-thumbnail","hentry","category-interes-general-locales","category-locales"],"aioseo_notices":[],"gutentor_comment":0,"jetpack_featured_media_url":"https:\/\/eldiariodesanpedro.com.ar\/sitio\/wp-content\/uploads\/2018\/08\/BI4A7085.jpg","jetpack_shortlink":"https:\/\/wp.me\/p6RhLt-a46","jetpack_sharing_enabled":true,"_links":{"self":[{"href":"https:\/\/eldiariodesanpedro.com.ar\/sitio\/wp-json\/wp\/v2\/posts\/38694","targetHints":{"allow":["GET"]}}],"collection":[{"href":"https:\/\/eldiariodesanpedro.com.ar\/sitio\/wp-json\/wp\/v2\/posts"}],"about":[{"href":"https:\/\/eldiariodesanpedro.com.ar\/sitio\/wp-json\/wp\/v2\/types\/post"}],"author":[{"embeddable":true,"href":"https:\/\/eldiariodesanpedro.com.ar\/sitio\/wp-json\/wp\/v2\/users\/4"}],"replies":[{"embeddable":true,"href":"https:\/\/eldiariodesanpedro.com.ar\/sitio\/wp-json\/wp\/v2\/comments?post=38694"}],"version-history":[{"count":1,"href":"https:\/\/eldiariodesanpedro.com.ar\/sitio\/wp-json\/wp\/v2\/posts\/38694\/revisions"}],"predecessor-version":[{"id":38696,"href":"https:\/\/eldiariodesanpedro.com.ar\/sitio\/wp-json\/wp\/v2\/posts\/38694\/revisions\/38696"}],"wp:featuredmedia":[{"embeddable":true,"href":"https:\/\/eldiariodesanpedro.com.ar\/sitio\/wp-json\/wp\/v2\/media\/38695"}],"wp:attachment":[{"href":"https:\/\/eldiariodesanpedro.com.ar\/sitio\/wp-json\/wp\/v2\/media?parent=38694"}],"wp:term":[{"taxonomy":"category","embeddable":true,"href":"https:\/\/eldiariodesanpedro.com.ar\/sitio\/wp-json\/wp\/v2\/categories?post=38694"},{"taxonomy":"post_tag","embeddable":true,"href":"https:\/\/eldiariodesanpedro.com.ar\/sitio\/wp-json\/wp\/v2\/tags?post=38694"}],"curies":[{"name":"wp","href":"https:\/\/api.w.org\/{rel}","templated":true}]}}