{"id":38680,"date":"2018-08-18T11:58:03","date_gmt":"2018-08-18T14:58:03","guid":{"rendered":"https:\/\/eldiariodesanpedro.com.ar\/sitio\/?p=38680"},"modified":"2018-08-18T11:58:03","modified_gmt":"2018-08-18T14:58:03","slug":"efectivos-de-la-policia-local-le-hacen-una-caricia-a-los-ninos","status":"publish","type":"post","link":"https:\/\/eldiariodesanpedro.com.ar\/sitio\/efectivos-de-la-policia-local-le-hacen-una-caricia-a-los-ninos\/","title":{"rendered":"Efectivos de la Polic\u00eda Local le hacen una caricia a los ni\u00f1os !!!"},"content":{"rendered":"<p><!-- VideographyWP Plugin Message: Automatic video embedding prevented by plugin options. --><br \/>\nEsta ma\u00f1ana, personal de la policia local salio de recorrida por distintas Instituciones de nuestra ciudad, prepararon ropa y juguetes, donde no solo les llevaron las donaciones sino tambi\u00e9n compartieron con los ni\u00f1os juegos con m\u00fasica y disfraces con mucha emoci\u00f3n y alegr\u00eda.<\/p>\n<p>El  recorrido comenz\u00f3 en el  Instituto Sarmiento, el Hogar Gomendio y terminar\u00e1n en el Hospital Municipal.<\/p>\n<p>GALER\u00cdA DE IM\u00c1GENES:<\/p>\n<div data-carousel-extra='{&quot;blog_id&quot;:1,&quot;permalink&quot;:&quot;https:\/\/eldiariodesanpedro.com.ar\/sitio\/efectivos-de-la-policia-local-le-hacen-una-caricia-a-los-ninos\/&quot;}' id='gallery-1' class='gallery galleryid-38680 gallery-columns-3 gallery-size-large'><figure class='gallery-item'>\n\t\t\t<div class='gallery-icon landscape'>\n\t\t\t\t<a href='https:\/\/eldiariodesanpedro.com.ar\/sitio\/wp-content\/uploads\/2018\/08\/36bc2f86-9df1-4402-9fd6-a57b56bd476f.jpg'><img decoding=\"async\" width=\"640\" height=\"480\" data-src=\"https:\/\/eldiariodesanpedro.com.ar\/sitio\/wp-content\/uploads\/2018\/08\/36bc2f86-9df1-4402-9fd6-a57b56bd476f-1024x768.jpg\" class=\"attachment-large size-large lazyload\" alt=\"El Diario de San Pedro | Noticias locales y regionales\" data-srcset=\"https:\/\/eldiariodesanpedro.com.ar\/sitio\/wp-content\/uploads\/2018\/08\/36bc2f86-9df1-4402-9fd6-a57b56bd476f-1024x768.jpg 1024w, https:\/\/eldiariodesanpedro.com.ar\/sitio\/wp-content\/uploads\/2018\/08\/36bc2f86-9df1-4402-9fd6-a57b56bd476f-300x225.jpg 300w, https:\/\/eldiariodesanpedro.com.ar\/sitio\/wp-content\/uploads\/2018\/08\/36bc2f86-9df1-4402-9fd6-a57b56bd476f-768x576.jpg 768w, https:\/\/eldiariodesanpedro.com.ar\/sitio\/wp-content\/uploads\/2018\/08\/36bc2f86-9df1-4402-9fd6-a57b56bd476f.jpg 1040w\" data-sizes=\"(max-width: 640px) 100vw, 640px\" data-attachment-id=\"38683\" data-permalink=\"https:\/\/eldiariodesanpedro.com.ar\/sitio\/efectivos-de-la-policia-local-le-hacen-una-caricia-a-los-ninos\/36bc2f86-9df1-4402-9fd6-a57b56bd476f\/\" data-orig-file=\"https:\/\/eldiariodesanpedro.com.ar\/sitio\/wp-content\/uploads\/2018\/08\/36bc2f86-9df1-4402-9fd6-a57b56bd476f.jpg\" data-orig-size=\"1040,780\" data-comments-opened=\"1\" data-image-meta=\"{&quot;aperture&quot;:&quot;0&quot;,&quot;credit&quot;:&quot;&quot;,&quot;camera&quot;:&quot;&quot;,&quot;caption&quot;:&quot;&quot;,&quot;created_timestamp&quot;:&quot;0&quot;,&quot;copyright&quot;:&quot;&quot;,&quot;focal_length&quot;:&quot;0&quot;,&quot;iso&quot;:&quot;0&quot;,&quot;shutter_speed&quot;:&quot;0&quot;,&quot;title&quot;:&quot;&quot;,&quot;orientation&quot;:&quot;0&quot;}\" data-image-title=\"36bc2f86-9df1-4402-9fd6-a57b56bd476f\" data-image-description=\"\" data-image-caption=\"\" data-large-file=\"https:\/\/eldiariodesanpedro.com.ar\/sitio\/wp-content\/uploads\/2018\/08\/36bc2f86-9df1-4402-9fd6-a57b56bd476f-1024x768.jpg\" src=\"data:image\/svg+xml;base64,PHN2ZyB3aWR0aD0iMSIgaGVpZ2h0PSIxIiB4bWxucz0iaHR0cDovL3d3dy53My5vcmcvMjAwMC9zdmciPjwvc3ZnPg==\" style=\"--smush-placeholder-width: 640px; --smush-placeholder-aspect-ratio: 640\/480;\" \/><\/a>\n\t\t\t<\/div><\/figure><figure class='gallery-item'>\n\t\t\t<div class='gallery-icon landscape'>\n\t\t\t\t<a href='https:\/\/eldiariodesanpedro.com.ar\/sitio\/wp-content\/uploads\/2018\/08\/39453307_2136984493292439_7186069100454477824_n.jpg'><img decoding=\"async\" width=\"640\" height=\"480\" data-src=\"https:\/\/eldiariodesanpedro.com.ar\/sitio\/wp-content\/uploads\/2018\/08\/39453307_2136984493292439_7186069100454477824_n.jpg\" class=\"attachment-large size-large lazyload\" alt=\"El Diario de San Pedro | Noticias locales y regionales\" data-srcset=\"https:\/\/eldiariodesanpedro.com.ar\/sitio\/wp-content\/uploads\/2018\/08\/39453307_2136984493292439_7186069100454477824_n.jpg 960w, https:\/\/eldiariodesanpedro.com.ar\/sitio\/wp-content\/uploads\/2018\/08\/39453307_2136984493292439_7186069100454477824_n-300x225.jpg 300w, https:\/\/eldiariodesanpedro.com.ar\/sitio\/wp-content\/uploads\/2018\/08\/39453307_2136984493292439_7186069100454477824_n-768x576.jpg 768w\" data-sizes=\"(max-width: 640px) 100vw, 640px\" data-attachment-id=\"38686\" data-permalink=\"https:\/\/eldiariodesanpedro.com.ar\/sitio\/efectivos-de-la-policia-local-le-hacen-una-caricia-a-los-ninos\/39453307_2136984493292439_7186069100454477824_n\/\" data-orig-file=\"https:\/\/eldiariodesanpedro.com.ar\/sitio\/wp-content\/uploads\/2018\/08\/39453307_2136984493292439_7186069100454477824_n.jpg\" data-orig-size=\"960,720\" data-comments-opened=\"1\" data-image-meta=\"{&quot;aperture&quot;:&quot;0&quot;,&quot;credit&quot;:&quot;&quot;,&quot;camera&quot;:&quot;&quot;,&quot;caption&quot;:&quot;&quot;,&quot;created_timestamp&quot;:&quot;0&quot;,&quot;copyright&quot;:&quot;&quot;,&quot;focal_length&quot;:&quot;0&quot;,&quot;iso&quot;:&quot;0&quot;,&quot;shutter_speed&quot;:&quot;0&quot;,&quot;title&quot;:&quot;&quot;,&quot;orientation&quot;:&quot;0&quot;}\" data-image-title=\"39453307_2136984493292439_7186069100454477824_n\" data-image-description=\"\" data-image-caption=\"\" data-large-file=\"https:\/\/eldiariodesanpedro.com.ar\/sitio\/wp-content\/uploads\/2018\/08\/39453307_2136984493292439_7186069100454477824_n.jpg\" src=\"data:image\/svg+xml;base64,PHN2ZyB3aWR0aD0iMSIgaGVpZ2h0PSIxIiB4bWxucz0iaHR0cDovL3d3dy53My5vcmcvMjAwMC9zdmciPjwvc3ZnPg==\" style=\"--smush-placeholder-width: 640px; --smush-placeholder-aspect-ratio: 640\/480;\" \/><\/a>\n\t\t\t<\/div><\/figure><figure class='gallery-item'>\n\t\t\t<div class='gallery-icon landscape'>\n\t\t\t\t<a href='https:\/\/eldiariodesanpedro.com.ar\/sitio\/wp-content\/uploads\/2018\/08\/21d07ba5-79ec-4f49-a435-aea89e0a2684.jpg'><img decoding=\"async\" width=\"640\" height=\"480\" data-src=\"https:\/\/eldiariodesanpedro.com.ar\/sitio\/wp-content\/uploads\/2018\/08\/21d07ba5-79ec-4f49-a435-aea89e0a2684-1024x768.jpg\" class=\"attachment-large size-large lazyload\" alt=\"El Diario de San Pedro | Noticias locales y regionales\" data-srcset=\"https:\/\/eldiariodesanpedro.com.ar\/sitio\/wp-content\/uploads\/2018\/08\/21d07ba5-79ec-4f49-a435-aea89e0a2684-1024x768.jpg 1024w, https:\/\/eldiariodesanpedro.com.ar\/sitio\/wp-content\/uploads\/2018\/08\/21d07ba5-79ec-4f49-a435-aea89e0a2684-300x225.jpg 300w, https:\/\/eldiariodesanpedro.com.ar\/sitio\/wp-content\/uploads\/2018\/08\/21d07ba5-79ec-4f49-a435-aea89e0a2684-768x576.jpg 768w, https:\/\/eldiariodesanpedro.com.ar\/sitio\/wp-content\/uploads\/2018\/08\/21d07ba5-79ec-4f49-a435-aea89e0a2684.jpg 1040w\" data-sizes=\"(max-width: 640px) 100vw, 640px\" data-attachment-id=\"38682\" data-permalink=\"https:\/\/eldiariodesanpedro.com.ar\/sitio\/efectivos-de-la-policia-local-le-hacen-una-caricia-a-los-ninos\/21d07ba5-79ec-4f49-a435-aea89e0a2684\/\" data-orig-file=\"https:\/\/eldiariodesanpedro.com.ar\/sitio\/wp-content\/uploads\/2018\/08\/21d07ba5-79ec-4f49-a435-aea89e0a2684.jpg\" data-orig-size=\"1040,780\" data-comments-opened=\"1\" data-image-meta=\"{&quot;aperture&quot;:&quot;0&quot;,&quot;credit&quot;:&quot;&quot;,&quot;camera&quot;:&quot;&quot;,&quot;caption&quot;:&quot;&quot;,&quot;created_timestamp&quot;:&quot;0&quot;,&quot;copyright&quot;:&quot;&quot;,&quot;focal_length&quot;:&quot;0&quot;,&quot;iso&quot;:&quot;0&quot;,&quot;shutter_speed&quot;:&quot;0&quot;,&quot;title&quot;:&quot;&quot;,&quot;orientation&quot;:&quot;0&quot;}\" data-image-title=\"21d07ba5-79ec-4f49-a435-aea89e0a2684\" data-image-description=\"\" data-image-caption=\"\" data-large-file=\"https:\/\/eldiariodesanpedro.com.ar\/sitio\/wp-content\/uploads\/2018\/08\/21d07ba5-79ec-4f49-a435-aea89e0a2684-1024x768.jpg\" src=\"data:image\/svg+xml;base64,PHN2ZyB3aWR0aD0iMSIgaGVpZ2h0PSIxIiB4bWxucz0iaHR0cDovL3d3dy53My5vcmcvMjAwMC9zdmciPjwvc3ZnPg==\" style=\"--smush-placeholder-width: 640px; --smush-placeholder-aspect-ratio: 640\/480;\" \/><\/a>\n\t\t\t<\/div><\/figure><figure class='gallery-item'>\n\t\t\t<div class='gallery-icon landscape'>\n\t\t\t\t<a href='https:\/\/eldiariodesanpedro.com.ar\/sitio\/wp-content\/uploads\/2018\/08\/da6ffcd0-4866-4316-897b-002bfcefde80.jpg'><img decoding=\"async\" width=\"640\" height=\"480\" data-src=\"https:\/\/eldiariodesanpedro.com.ar\/sitio\/wp-content\/uploads\/2018\/08\/da6ffcd0-4866-4316-897b-002bfcefde80-1024x768.jpg\" class=\"attachment-large size-large lazyload\" alt=\"El Diario de San Pedro | Noticias locales y regionales\" data-srcset=\"https:\/\/eldiariodesanpedro.com.ar\/sitio\/wp-content\/uploads\/2018\/08\/da6ffcd0-4866-4316-897b-002bfcefde80-1024x768.jpg 1024w, https:\/\/eldiariodesanpedro.com.ar\/sitio\/wp-content\/uploads\/2018\/08\/da6ffcd0-4866-4316-897b-002bfcefde80-300x225.jpg 300w, https:\/\/eldiariodesanpedro.com.ar\/sitio\/wp-content\/uploads\/2018\/08\/da6ffcd0-4866-4316-897b-002bfcefde80-768x576.jpg 768w, https:\/\/eldiariodesanpedro.com.ar\/sitio\/wp-content\/uploads\/2018\/08\/da6ffcd0-4866-4316-897b-002bfcefde80.jpg 1040w\" data-sizes=\"(max-width: 640px) 100vw, 640px\" data-attachment-id=\"38691\" data-permalink=\"https:\/\/eldiariodesanpedro.com.ar\/sitio\/efectivos-de-la-policia-local-le-hacen-una-caricia-a-los-ninos\/da6ffcd0-4866-4316-897b-002bfcefde80\/\" data-orig-file=\"https:\/\/eldiariodesanpedro.com.ar\/sitio\/wp-content\/uploads\/2018\/08\/da6ffcd0-4866-4316-897b-002bfcefde80.jpg\" data-orig-size=\"1040,780\" data-comments-opened=\"1\" data-image-meta=\"{&quot;aperture&quot;:&quot;0&quot;,&quot;credit&quot;:&quot;&quot;,&quot;camera&quot;:&quot;&quot;,&quot;caption&quot;:&quot;&quot;,&quot;created_timestamp&quot;:&quot;0&quot;,&quot;copyright&quot;:&quot;&quot;,&quot;focal_length&quot;:&quot;0&quot;,&quot;iso&quot;:&quot;0&quot;,&quot;shutter_speed&quot;:&quot;0&quot;,&quot;title&quot;:&quot;&quot;,&quot;orientation&quot;:&quot;0&quot;}\" data-image-title=\"da6ffcd0-4866-4316-897b-002bfcefde80\" data-image-description=\"\" data-image-caption=\"\" data-large-file=\"https:\/\/eldiariodesanpedro.com.ar\/sitio\/wp-content\/uploads\/2018\/08\/da6ffcd0-4866-4316-897b-002bfcefde80-1024x768.jpg\" src=\"data:image\/svg+xml;base64,PHN2ZyB3aWR0aD0iMSIgaGVpZ2h0PSIxIiB4bWxucz0iaHR0cDovL3d3dy53My5vcmcvMjAwMC9zdmciPjwvc3ZnPg==\" style=\"--smush-placeholder-width: 640px; --smush-placeholder-aspect-ratio: 640\/480;\" \/><\/a>\n\t\t\t<\/div><\/figure><figure class='gallery-item'>\n\t\t\t<div class='gallery-icon landscape'>\n\t\t\t\t<a href='https:\/\/eldiariodesanpedro.com.ar\/sitio\/wp-content\/uploads\/2018\/08\/cd597ca2-646e-4917-94ba-79e9b0371dda.jpg'><img decoding=\"async\" width=\"640\" height=\"480\" data-src=\"https:\/\/eldiariodesanpedro.com.ar\/sitio\/wp-content\/uploads\/2018\/08\/cd597ca2-646e-4917-94ba-79e9b0371dda-1024x768.jpg\" class=\"attachment-large size-large lazyload\" alt=\"El Diario de San Pedro | Noticias locales y regionales\" data-srcset=\"https:\/\/eldiariodesanpedro.com.ar\/sitio\/wp-content\/uploads\/2018\/08\/cd597ca2-646e-4917-94ba-79e9b0371dda-1024x768.jpg 1024w, https:\/\/eldiariodesanpedro.com.ar\/sitio\/wp-content\/uploads\/2018\/08\/cd597ca2-646e-4917-94ba-79e9b0371dda-300x225.jpg 300w, https:\/\/eldiariodesanpedro.com.ar\/sitio\/wp-content\/uploads\/2018\/08\/cd597ca2-646e-4917-94ba-79e9b0371dda-768x576.jpg 768w, https:\/\/eldiariodesanpedro.com.ar\/sitio\/wp-content\/uploads\/2018\/08\/cd597ca2-646e-4917-94ba-79e9b0371dda.jpg 1040w\" data-sizes=\"(max-width: 640px) 100vw, 640px\" data-attachment-id=\"38690\" data-permalink=\"https:\/\/eldiariodesanpedro.com.ar\/sitio\/efectivos-de-la-policia-local-le-hacen-una-caricia-a-los-ninos\/cd597ca2-646e-4917-94ba-79e9b0371dda\/\" data-orig-file=\"https:\/\/eldiariodesanpedro.com.ar\/sitio\/wp-content\/uploads\/2018\/08\/cd597ca2-646e-4917-94ba-79e9b0371dda.jpg\" data-orig-size=\"1040,780\" data-comments-opened=\"1\" data-image-meta=\"{&quot;aperture&quot;:&quot;0&quot;,&quot;credit&quot;:&quot;&quot;,&quot;camera&quot;:&quot;&quot;,&quot;caption&quot;:&quot;&quot;,&quot;created_timestamp&quot;:&quot;0&quot;,&quot;copyright&quot;:&quot;&quot;,&quot;focal_length&quot;:&quot;0&quot;,&quot;iso&quot;:&quot;0&quot;,&quot;shutter_speed&quot;:&quot;0&quot;,&quot;title&quot;:&quot;&quot;,&quot;orientation&quot;:&quot;0&quot;}\" data-image-title=\"cd597ca2-646e-4917-94ba-79e9b0371dda\" data-image-description=\"\" data-image-caption=\"\" data-large-file=\"https:\/\/eldiariodesanpedro.com.ar\/sitio\/wp-content\/uploads\/2018\/08\/cd597ca2-646e-4917-94ba-79e9b0371dda-1024x768.jpg\" src=\"data:image\/svg+xml;base64,PHN2ZyB3aWR0aD0iMSIgaGVpZ2h0PSIxIiB4bWxucz0iaHR0cDovL3d3dy53My5vcmcvMjAwMC9zdmciPjwvc3ZnPg==\" style=\"--smush-placeholder-width: 640px; --smush-placeholder-aspect-ratio: 640\/480;\" \/><\/a>\n\t\t\t<\/div><\/figure><figure class='gallery-item'>\n\t\t\t<div class='gallery-icon landscape'>\n\t\t\t\t<a href='https:\/\/eldiariodesanpedro.com.ar\/sitio\/wp-content\/uploads\/2018\/08\/74018618-ce4f-4130-a9af-58841d6942fe.jpg'><img decoding=\"async\" width=\"640\" height=\"359\" data-src=\"https:\/\/eldiariodesanpedro.com.ar\/sitio\/wp-content\/uploads\/2018\/08\/74018618-ce4f-4130-a9af-58841d6942fe-1024x575.jpg\" class=\"attachment-large size-large lazyload\" alt=\"El Diario de San Pedro | Noticias locales y regionales\" data-srcset=\"https:\/\/eldiariodesanpedro.com.ar\/sitio\/wp-content\/uploads\/2018\/08\/74018618-ce4f-4130-a9af-58841d6942fe-1024x575.jpg 1024w, https:\/\/eldiariodesanpedro.com.ar\/sitio\/wp-content\/uploads\/2018\/08\/74018618-ce4f-4130-a9af-58841d6942fe-300x168.jpg 300w, https:\/\/eldiariodesanpedro.com.ar\/sitio\/wp-content\/uploads\/2018\/08\/74018618-ce4f-4130-a9af-58841d6942fe-768x431.jpg 768w, https:\/\/eldiariodesanpedro.com.ar\/sitio\/wp-content\/uploads\/2018\/08\/74018618-ce4f-4130-a9af-58841d6942fe.jpg 1040w\" data-sizes=\"(max-width: 640px) 100vw, 640px\" data-attachment-id=\"38688\" data-permalink=\"https:\/\/eldiariodesanpedro.com.ar\/sitio\/efectivos-de-la-policia-local-le-hacen-una-caricia-a-los-ninos\/74018618-ce4f-4130-a9af-58841d6942fe\/\" data-orig-file=\"https:\/\/eldiariodesanpedro.com.ar\/sitio\/wp-content\/uploads\/2018\/08\/74018618-ce4f-4130-a9af-58841d6942fe.jpg\" data-orig-size=\"1040,584\" data-comments-opened=\"1\" data-image-meta=\"{&quot;aperture&quot;:&quot;0&quot;,&quot;credit&quot;:&quot;&quot;,&quot;camera&quot;:&quot;&quot;,&quot;caption&quot;:&quot;&quot;,&quot;created_timestamp&quot;:&quot;0&quot;,&quot;copyright&quot;:&quot;&quot;,&quot;focal_length&quot;:&quot;0&quot;,&quot;iso&quot;:&quot;0&quot;,&quot;shutter_speed&quot;:&quot;0&quot;,&quot;title&quot;:&quot;&quot;,&quot;orientation&quot;:&quot;0&quot;}\" data-image-title=\"74018618-ce4f-4130-a9af-58841d6942fe\" data-image-description=\"\" data-image-caption=\"\" data-large-file=\"https:\/\/eldiariodesanpedro.com.ar\/sitio\/wp-content\/uploads\/2018\/08\/74018618-ce4f-4130-a9af-58841d6942fe-1024x575.jpg\" src=\"data:image\/svg+xml;base64,PHN2ZyB3aWR0aD0iMSIgaGVpZ2h0PSIxIiB4bWxucz0iaHR0cDovL3d3dy53My5vcmcvMjAwMC9zdmciPjwvc3ZnPg==\" style=\"--smush-placeholder-width: 640px; --smush-placeholder-aspect-ratio: 640\/359;\" \/><\/a>\n\t\t\t<\/div><\/figure><figure class='gallery-item'>\n\t\t\t<div class='gallery-icon landscape'>\n\t\t\t\t<a href='https:\/\/eldiariodesanpedro.com.ar\/sitio\/wp-content\/uploads\/2018\/08\/a8607874-286e-412a-b094-c5da2fa56a50.jpg'><img decoding=\"async\" width=\"640\" height=\"360\" data-src=\"https:\/\/eldiariodesanpedro.com.ar\/sitio\/wp-content\/uploads\/2018\/08\/a8607874-286e-412a-b094-c5da2fa56a50-1024x576.jpg\" class=\"attachment-large size-large lazyload\" alt=\"El Diario de San Pedro | Noticias locales y regionales\" data-srcset=\"https:\/\/eldiariodesanpedro.com.ar\/sitio\/wp-content\/uploads\/2018\/08\/a8607874-286e-412a-b094-c5da2fa56a50-1024x576.jpg 1024w, https:\/\/eldiariodesanpedro.com.ar\/sitio\/wp-content\/uploads\/2018\/08\/a8607874-286e-412a-b094-c5da2fa56a50-300x169.jpg 300w, https:\/\/eldiariodesanpedro.com.ar\/sitio\/wp-content\/uploads\/2018\/08\/a8607874-286e-412a-b094-c5da2fa56a50-768x432.jpg 768w, https:\/\/eldiariodesanpedro.com.ar\/sitio\/wp-content\/uploads\/2018\/08\/a8607874-286e-412a-b094-c5da2fa56a50.jpg 1040w\" data-sizes=\"(max-width: 640px) 100vw, 640px\" data-attachment-id=\"38689\" data-permalink=\"https:\/\/eldiariodesanpedro.com.ar\/sitio\/efectivos-de-la-policia-local-le-hacen-una-caricia-a-los-ninos\/a8607874-286e-412a-b094-c5da2fa56a50\/\" data-orig-file=\"https:\/\/eldiariodesanpedro.com.ar\/sitio\/wp-content\/uploads\/2018\/08\/a8607874-286e-412a-b094-c5da2fa56a50.jpg\" data-orig-size=\"1040,585\" data-comments-opened=\"1\" data-image-meta=\"{&quot;aperture&quot;:&quot;0&quot;,&quot;credit&quot;:&quot;&quot;,&quot;camera&quot;:&quot;&quot;,&quot;caption&quot;:&quot;&quot;,&quot;created_timestamp&quot;:&quot;0&quot;,&quot;copyright&quot;:&quot;&quot;,&quot;focal_length&quot;:&quot;0&quot;,&quot;iso&quot;:&quot;0&quot;,&quot;shutter_speed&quot;:&quot;0&quot;,&quot;title&quot;:&quot;&quot;,&quot;orientation&quot;:&quot;0&quot;}\" data-image-title=\"a8607874-286e-412a-b094-c5da2fa56a50\" data-image-description=\"\" data-image-caption=\"\" data-large-file=\"https:\/\/eldiariodesanpedro.com.ar\/sitio\/wp-content\/uploads\/2018\/08\/a8607874-286e-412a-b094-c5da2fa56a50-1024x576.jpg\" src=\"data:image\/svg+xml;base64,PHN2ZyB3aWR0aD0iMSIgaGVpZ2h0PSIxIiB4bWxucz0iaHR0cDovL3d3dy53My5vcmcvMjAwMC9zdmciPjwvc3ZnPg==\" style=\"--smush-placeholder-width: 640px; --smush-placeholder-aspect-ratio: 640\/360;\" \/><\/a>\n\t\t\t<\/div><\/figure><figure class='gallery-item'>\n\t\t\t<div class='gallery-icon landscape'>\n\t\t\t\t<a href='https:\/\/eldiariodesanpedro.com.ar\/sitio\/wp-content\/uploads\/2018\/08\/39410265_2136984536625768_1980457223171604480_n.jpg'><img decoding=\"async\" width=\"640\" height=\"360\" data-src=\"https:\/\/eldiariodesanpedro.com.ar\/sitio\/wp-content\/uploads\/2018\/08\/39410265_2136984536625768_1980457223171604480_n.jpg\" class=\"attachment-large size-large lazyload\" alt=\"El Diario de San Pedro | Noticias locales y regionales\" data-srcset=\"https:\/\/eldiariodesanpedro.com.ar\/sitio\/wp-content\/uploads\/2018\/08\/39410265_2136984536625768_1980457223171604480_n.jpg 960w, https:\/\/eldiariodesanpedro.com.ar\/sitio\/wp-content\/uploads\/2018\/08\/39410265_2136984536625768_1980457223171604480_n-300x169.jpg 300w, https:\/\/eldiariodesanpedro.com.ar\/sitio\/wp-content\/uploads\/2018\/08\/39410265_2136984536625768_1980457223171604480_n-768x432.jpg 768w\" data-sizes=\"(max-width: 640px) 100vw, 640px\" data-attachment-id=\"38685\" data-permalink=\"https:\/\/eldiariodesanpedro.com.ar\/sitio\/efectivos-de-la-policia-local-le-hacen-una-caricia-a-los-ninos\/39410265_2136984536625768_1980457223171604480_n\/\" data-orig-file=\"https:\/\/eldiariodesanpedro.com.ar\/sitio\/wp-content\/uploads\/2018\/08\/39410265_2136984536625768_1980457223171604480_n.jpg\" data-orig-size=\"960,540\" data-comments-opened=\"1\" data-image-meta=\"{&quot;aperture&quot;:&quot;0&quot;,&quot;credit&quot;:&quot;&quot;,&quot;camera&quot;:&quot;&quot;,&quot;caption&quot;:&quot;&quot;,&quot;created_timestamp&quot;:&quot;0&quot;,&quot;copyright&quot;:&quot;&quot;,&quot;focal_length&quot;:&quot;0&quot;,&quot;iso&quot;:&quot;0&quot;,&quot;shutter_speed&quot;:&quot;0&quot;,&quot;title&quot;:&quot;&quot;,&quot;orientation&quot;:&quot;0&quot;}\" data-image-title=\"39410265_2136984536625768_1980457223171604480_n\" data-image-description=\"\" data-image-caption=\"\" data-large-file=\"https:\/\/eldiariodesanpedro.com.ar\/sitio\/wp-content\/uploads\/2018\/08\/39410265_2136984536625768_1980457223171604480_n.jpg\" src=\"data:image\/svg+xml;base64,PHN2ZyB3aWR0aD0iMSIgaGVpZ2h0PSIxIiB4bWxucz0iaHR0cDovL3d3dy53My5vcmcvMjAwMC9zdmciPjwvc3ZnPg==\" style=\"--smush-placeholder-width: 640px; --smush-placeholder-aspect-ratio: 640\/360;\" \/><\/a>\n\t\t\t<\/div><\/figure><figure class='gallery-item'>\n\t\t\t<div class='gallery-icon landscape'>\n\t\t\t\t<a href='https:\/\/eldiariodesanpedro.com.ar\/sitio\/wp-content\/uploads\/2018\/08\/50909377-348d-471b-a1f3-d7c1837ffdbd.jpg'><img decoding=\"async\" width=\"640\" height=\"480\" data-src=\"https:\/\/eldiariodesanpedro.com.ar\/sitio\/wp-content\/uploads\/2018\/08\/50909377-348d-471b-a1f3-d7c1837ffdbd-1024x768.jpg\" class=\"attachment-large size-large lazyload\" alt=\"El Diario de San Pedro | Noticias locales y regionales\" data-srcset=\"https:\/\/eldiariodesanpedro.com.ar\/sitio\/wp-content\/uploads\/2018\/08\/50909377-348d-471b-a1f3-d7c1837ffdbd-1024x768.jpg 1024w, https:\/\/eldiariodesanpedro.com.ar\/sitio\/wp-content\/uploads\/2018\/08\/50909377-348d-471b-a1f3-d7c1837ffdbd-300x225.jpg 300w, https:\/\/eldiariodesanpedro.com.ar\/sitio\/wp-content\/uploads\/2018\/08\/50909377-348d-471b-a1f3-d7c1837ffdbd-768x576.jpg 768w, https:\/\/eldiariodesanpedro.com.ar\/sitio\/wp-content\/uploads\/2018\/08\/50909377-348d-471b-a1f3-d7c1837ffdbd.jpg 1040w\" data-sizes=\"(max-width: 640px) 100vw, 640px\" data-attachment-id=\"38687\" data-permalink=\"https:\/\/eldiariodesanpedro.com.ar\/sitio\/efectivos-de-la-policia-local-le-hacen-una-caricia-a-los-ninos\/50909377-348d-471b-a1f3-d7c1837ffdbd\/\" data-orig-file=\"https:\/\/eldiariodesanpedro.com.ar\/sitio\/wp-content\/uploads\/2018\/08\/50909377-348d-471b-a1f3-d7c1837ffdbd.jpg\" data-orig-size=\"1040,780\" data-comments-opened=\"1\" data-image-meta=\"{&quot;aperture&quot;:&quot;0&quot;,&quot;credit&quot;:&quot;&quot;,&quot;camera&quot;:&quot;&quot;,&quot;caption&quot;:&quot;&quot;,&quot;created_timestamp&quot;:&quot;0&quot;,&quot;copyright&quot;:&quot;&quot;,&quot;focal_length&quot;:&quot;0&quot;,&quot;iso&quot;:&quot;0&quot;,&quot;shutter_speed&quot;:&quot;0&quot;,&quot;title&quot;:&quot;&quot;,&quot;orientation&quot;:&quot;0&quot;}\" data-image-title=\"50909377-348d-471b-a1f3-d7c1837ffdbd\" data-image-description=\"\" data-image-caption=\"\" data-large-file=\"https:\/\/eldiariodesanpedro.com.ar\/sitio\/wp-content\/uploads\/2018\/08\/50909377-348d-471b-a1f3-d7c1837ffdbd-1024x768.jpg\" src=\"data:image\/svg+xml;base64,PHN2ZyB3aWR0aD0iMSIgaGVpZ2h0PSIxIiB4bWxucz0iaHR0cDovL3d3dy53My5vcmcvMjAwMC9zdmciPjwvc3ZnPg==\" style=\"--smush-placeholder-width: 640px; --smush-placeholder-aspect-ratio: 640\/480;\" \/><\/a>\n\t\t\t<\/div><\/figure><figure class='gallery-item'>\n\t\t\t<div class='gallery-icon landscape'>\n\t\t\t\t<a href='https:\/\/eldiariodesanpedro.com.ar\/sitio\/wp-content\/uploads\/2018\/08\/7ab9dbec-7945-4c97-85c8-4e55c20ed745.jpg'><img decoding=\"async\" width=\"640\" height=\"480\" data-src=\"https:\/\/eldiariodesanpedro.com.ar\/sitio\/wp-content\/uploads\/2018\/08\/7ab9dbec-7945-4c97-85c8-4e55c20ed745-1024x768.jpg\" class=\"attachment-large size-large lazyload\" alt=\"El Diario de San Pedro | Noticias locales y regionales\" data-srcset=\"https:\/\/eldiariodesanpedro.com.ar\/sitio\/wp-content\/uploads\/2018\/08\/7ab9dbec-7945-4c97-85c8-4e55c20ed745-1024x768.jpg 1024w, https:\/\/eldiariodesanpedro.com.ar\/sitio\/wp-content\/uploads\/2018\/08\/7ab9dbec-7945-4c97-85c8-4e55c20ed745-300x225.jpg 300w, https:\/\/eldiariodesanpedro.com.ar\/sitio\/wp-content\/uploads\/2018\/08\/7ab9dbec-7945-4c97-85c8-4e55c20ed745-768x576.jpg 768w, https:\/\/eldiariodesanpedro.com.ar\/sitio\/wp-content\/uploads\/2018\/08\/7ab9dbec-7945-4c97-85c8-4e55c20ed745.jpg 1040w\" data-sizes=\"(max-width: 640px) 100vw, 640px\" data-attachment-id=\"38681\" data-permalink=\"https:\/\/eldiariodesanpedro.com.ar\/sitio\/efectivos-de-la-policia-local-le-hacen-una-caricia-a-los-ninos\/7ab9dbec-7945-4c97-85c8-4e55c20ed745\/\" data-orig-file=\"https:\/\/eldiariodesanpedro.com.ar\/sitio\/wp-content\/uploads\/2018\/08\/7ab9dbec-7945-4c97-85c8-4e55c20ed745.jpg\" data-orig-size=\"1040,780\" data-comments-opened=\"1\" data-image-meta=\"{&quot;aperture&quot;:&quot;0&quot;,&quot;credit&quot;:&quot;&quot;,&quot;camera&quot;:&quot;&quot;,&quot;caption&quot;:&quot;&quot;,&quot;created_timestamp&quot;:&quot;0&quot;,&quot;copyright&quot;:&quot;&quot;,&quot;focal_length&quot;:&quot;0&quot;,&quot;iso&quot;:&quot;0&quot;,&quot;shutter_speed&quot;:&quot;0&quot;,&quot;title&quot;:&quot;&quot;,&quot;orientation&quot;:&quot;0&quot;}\" data-image-title=\"7ab9dbec-7945-4c97-85c8-4e55c20ed745\" data-image-description=\"\" data-image-caption=\"\" data-large-file=\"https:\/\/eldiariodesanpedro.com.ar\/sitio\/wp-content\/uploads\/2018\/08\/7ab9dbec-7945-4c97-85c8-4e55c20ed745-1024x768.jpg\" src=\"data:image\/svg+xml;base64,PHN2ZyB3aWR0aD0iMSIgaGVpZ2h0PSIxIiB4bWxucz0iaHR0cDovL3d3dy53My5vcmcvMjAwMC9zdmciPjwvc3ZnPg==\" style=\"--smush-placeholder-width: 640px; --smush-placeholder-aspect-ratio: 640\/480;\" \/><\/a>\n\t\t\t<\/div><\/figure><figure class='gallery-item'>\n\t\t\t<div class='gallery-icon landscape'>\n\t\t\t\t<a href='https:\/\/eldiariodesanpedro.com.ar\/sitio\/wp-content\/uploads\/2018\/08\/96d734de-4e66-4d84-babf-bbfc4e69d3d7.jpg'><img decoding=\"async\" width=\"640\" height=\"359\" data-src=\"https:\/\/eldiariodesanpedro.com.ar\/sitio\/wp-content\/uploads\/2018\/08\/96d734de-4e66-4d84-babf-bbfc4e69d3d7-1024x575.jpg\" class=\"attachment-large size-large lazyload\" alt=\"El Diario de San Pedro | Noticias locales y regionales\" data-srcset=\"https:\/\/eldiariodesanpedro.com.ar\/sitio\/wp-content\/uploads\/2018\/08\/96d734de-4e66-4d84-babf-bbfc4e69d3d7-1024x575.jpg 1024w, https:\/\/eldiariodesanpedro.com.ar\/sitio\/wp-content\/uploads\/2018\/08\/96d734de-4e66-4d84-babf-bbfc4e69d3d7-300x168.jpg 300w, https:\/\/eldiariodesanpedro.com.ar\/sitio\/wp-content\/uploads\/2018\/08\/96d734de-4e66-4d84-babf-bbfc4e69d3d7-768x431.jpg 768w, https:\/\/eldiariodesanpedro.com.ar\/sitio\/wp-content\/uploads\/2018\/08\/96d734de-4e66-4d84-babf-bbfc4e69d3d7.jpg 1040w\" data-sizes=\"(max-width: 640px) 100vw, 640px\" data-attachment-id=\"38684\" data-permalink=\"https:\/\/eldiariodesanpedro.com.ar\/sitio\/efectivos-de-la-policia-local-le-hacen-una-caricia-a-los-ninos\/96d734de-4e66-4d84-babf-bbfc4e69d3d7\/\" data-orig-file=\"https:\/\/eldiariodesanpedro.com.ar\/sitio\/wp-content\/uploads\/2018\/08\/96d734de-4e66-4d84-babf-bbfc4e69d3d7.jpg\" data-orig-size=\"1040,584\" data-comments-opened=\"1\" data-image-meta=\"{&quot;aperture&quot;:&quot;0&quot;,&quot;credit&quot;:&quot;&quot;,&quot;camera&quot;:&quot;&quot;,&quot;caption&quot;:&quot;&quot;,&quot;created_timestamp&quot;:&quot;0&quot;,&quot;copyright&quot;:&quot;&quot;,&quot;focal_length&quot;:&quot;0&quot;,&quot;iso&quot;:&quot;0&quot;,&quot;shutter_speed&quot;:&quot;0&quot;,&quot;title&quot;:&quot;&quot;,&quot;orientation&quot;:&quot;0&quot;}\" data-image-title=\"96d734de-4e66-4d84-babf-bbfc4e69d3d7\" data-image-description=\"\" data-image-caption=\"\" data-large-file=\"https:\/\/eldiariodesanpedro.com.ar\/sitio\/wp-content\/uploads\/2018\/08\/96d734de-4e66-4d84-babf-bbfc4e69d3d7-1024x575.jpg\" src=\"data:image\/svg+xml;base64,PHN2ZyB3aWR0aD0iMSIgaGVpZ2h0PSIxIiB4bWxucz0iaHR0cDovL3d3dy53My5vcmcvMjAwMC9zdmciPjwvc3ZnPg==\" style=\"--smush-placeholder-width: 640px; --smush-placeholder-aspect-ratio: 640\/359;\" \/><\/a>\n\t\t\t<\/div><\/figure>\n\t\t<\/div>\n\n","protected":false},"excerpt":{"rendered":"<p>Esta ma\u00f1ana, personal de la policia local salio de recorrida por distintas Instituciones de nuestra ciudad, prepararon ropa y juguetes, donde no solo les llevaron las donaciones sino tambi\u00e9n compartieron con los ni\u00f1os juegos con m\u00fasica y disfraces con mucha emoci\u00f3n y alegr\u00eda. El recorrido comenz\u00f3 en el Instituto Sarmiento, el Hogar Gomendio y terminar\u00e1n [&hellip;]<\/p>\n","protected":false},"author":4,"featured_media":38688,"comment_status":"open","ping_status":"closed","sticky":false,"template":"","format":"standard","meta":{"om_disable_all_campaigns":false,"_jetpack_memberships_contains_paid_content":false,"footnotes":""},"categories":[50,2,103],"tags":[],"class_list":["post-38680","post","type-post","status-publish","format-standard","has-post-thumbnail","hentry","category-destacadas","category-locales","category-policiales-locales"],"aioseo_notices":[],"gutentor_comment":0,"jetpack_featured_media_url":"https:\/\/eldiariodesanpedro.com.ar\/sitio\/wp-content\/uploads\/2018\/08\/74018618-ce4f-4130-a9af-58841d6942fe.jpg","jetpack_shortlink":"https:\/\/wp.me\/p6RhLt-a3S","jetpack_sharing_enabled":true,"_links":{"self":[{"href":"https:\/\/eldiariodesanpedro.com.ar\/sitio\/wp-json\/wp\/v2\/posts\/38680","targetHints":{"allow":["GET"]}}],"collection":[{"href":"https:\/\/eldiariodesanpedro.com.ar\/sitio\/wp-json\/wp\/v2\/posts"}],"about":[{"href":"https:\/\/eldiariodesanpedro.com.ar\/sitio\/wp-json\/wp\/v2\/types\/post"}],"author":[{"embeddable":true,"href":"https:\/\/eldiariodesanpedro.com.ar\/sitio\/wp-json\/wp\/v2\/users\/4"}],"replies":[{"embeddable":true,"href":"https:\/\/eldiariodesanpedro.com.ar\/sitio\/wp-json\/wp\/v2\/comments?post=38680"}],"version-history":[{"count":1,"href":"https:\/\/eldiariodesanpedro.com.ar\/sitio\/wp-json\/wp\/v2\/posts\/38680\/revisions"}],"predecessor-version":[{"id":38692,"href":"https:\/\/eldiariodesanpedro.com.ar\/sitio\/wp-json\/wp\/v2\/posts\/38680\/revisions\/38692"}],"wp:featuredmedia":[{"embeddable":true,"href":"https:\/\/eldiariodesanpedro.com.ar\/sitio\/wp-json\/wp\/v2\/media\/38688"}],"wp:attachment":[{"href":"https:\/\/eldiariodesanpedro.com.ar\/sitio\/wp-json\/wp\/v2\/media?parent=38680"}],"wp:term":[{"taxonomy":"category","embeddable":true,"href":"https:\/\/eldiariodesanpedro.com.ar\/sitio\/wp-json\/wp\/v2\/categories?post=38680"},{"taxonomy":"post_tag","embeddable":true,"href":"https:\/\/eldiariodesanpedro.com.ar\/sitio\/wp-json\/wp\/v2\/tags?post=38680"}],"curies":[{"name":"wp","href":"https:\/\/api.w.org\/{rel}","templated":true}]}}