{"id":38678,"date":"2018-08-18T11:29:57","date_gmt":"2018-08-18T14:29:57","guid":{"rendered":"https:\/\/eldiariodesanpedro.com.ar\/sitio\/?p=38678"},"modified":"2018-08-18T11:29:57","modified_gmt":"2018-08-18T14:29:57","slug":"allanamiento-positivo-por-el-robo-en-el-comedor-comunitario-del-2-de-abril","status":"publish","type":"post","link":"https:\/\/eldiariodesanpedro.com.ar\/sitio\/allanamiento-positivo-por-el-robo-en-el-comedor-comunitario-del-2-de-abril\/","title":{"rendered":"Allanamiento positivo por el robo en el Comedor Comunitario  del 2 de Abril"},"content":{"rendered":"<p><!-- VideographyWP Plugin Message: Automatic video embedding prevented by plugin options. --><br \/>\nEsta madrugada, se procedi\u00f3 a una diligencia de allanamiento en el barrio 2 de Abril, dando resultado negativo y luego se trasladaron a una vivienda ubicada en calle Pavon y Chivilcoy, donde se secuestraron golosinas, juguete y alimentos; el indicado como autor del hecho, un joven menor de edad, no se encontraba en el lugar. <\/p>\n<p>Recordemos que los elementos secuestrados fueron robadas en la madrugada del viernes, en un Comedor Comunitario   de nombre Fe y Esperanza por los chicos, en el barrio 2 de Abril, donde al llegar sus fundadores constataron que menores delincuentes con frondosos antecedentes (que fueron identificados por los mismos) sustrajeron mercader\u00edas varias y todos los juguetes que tenian preparados para festejar el d\u00eda del ni\u00f1o. <\/p>\n","protected":false},"excerpt":{"rendered":"<p>Esta madrugada, se procedi\u00f3 a una diligencia de allanamiento en el barrio 2 de Abril, dando resultado negativo y luego se trasladaron a una vivienda ubicada en calle Pavon y Chivilcoy, donde se secuestraron golosinas, juguete y alimentos; el indicado como autor del hecho, un joven menor de edad, no se encontraba en el lugar. [&hellip;]<\/p>\n","protected":false},"author":4,"featured_media":13372,"comment_status":"open","ping_status":"closed","sticky":false,"template":"","format":"standard","meta":{"om_disable_all_campaigns":false,"_jetpack_memberships_contains_paid_content":false,"footnotes":""},"categories":[2,103],"tags":[],"class_list":["post-38678","post","type-post","status-publish","format-standard","has-post-thumbnail","hentry","category-locales","category-policiales-locales"],"aioseo_notices":[],"gutentor_comment":0,"jetpack_featured_media_url":"https:\/\/eldiariodesanpedro.com.ar\/sitio\/wp-content\/uploads\/2017\/01\/Patrulla-4-e1485286120389.jpg","jetpack_shortlink":"https:\/\/wp.me\/p6RhLt-a3Q","jetpack_sharing_enabled":true,"_links":{"self":[{"href":"https:\/\/eldiariodesanpedro.com.ar\/sitio\/wp-json\/wp\/v2\/posts\/38678","targetHints":{"allow":["GET"]}}],"collection":[{"href":"https:\/\/eldiariodesanpedro.com.ar\/sitio\/wp-json\/wp\/v2\/posts"}],"about":[{"href":"https:\/\/eldiariodesanpedro.com.ar\/sitio\/wp-json\/wp\/v2\/types\/post"}],"author":[{"embeddable":true,"href":"https:\/\/eldiariodesanpedro.com.ar\/sitio\/wp-json\/wp\/v2\/users\/4"}],"replies":[{"embeddable":true,"href":"https:\/\/eldiariodesanpedro.com.ar\/sitio\/wp-json\/wp\/v2\/comments?post=38678"}],"version-history":[{"count":1,"href":"https:\/\/eldiariodesanpedro.com.ar\/sitio\/wp-json\/wp\/v2\/posts\/38678\/revisions"}],"predecessor-version":[{"id":38679,"href":"https:\/\/eldiariodesanpedro.com.ar\/sitio\/wp-json\/wp\/v2\/posts\/38678\/revisions\/38679"}],"wp:featuredmedia":[{"embeddable":true,"href":"https:\/\/eldiariodesanpedro.com.ar\/sitio\/wp-json\/wp\/v2\/media\/13372"}],"wp:attachment":[{"href":"https:\/\/eldiariodesanpedro.com.ar\/sitio\/wp-json\/wp\/v2\/media?parent=38678"}],"wp:term":[{"taxonomy":"category","embeddable":true,"href":"https:\/\/eldiariodesanpedro.com.ar\/sitio\/wp-json\/wp\/v2\/categories?post=38678"},{"taxonomy":"post_tag","embeddable":true,"href":"https:\/\/eldiariodesanpedro.com.ar\/sitio\/wp-json\/wp\/v2\/tags?post=38678"}],"curies":[{"name":"wp","href":"https:\/\/api.w.org\/{rel}","templated":true}]}}