{"id":38676,"date":"2018-08-18T11:07:04","date_gmt":"2018-08-18T14:07:04","guid":{"rendered":"https:\/\/eldiariodesanpedro.com.ar\/sitio\/?p=38676"},"modified":"2018-08-18T11:07:04","modified_gmt":"2018-08-18T14:07:04","slug":"robo-en-el-club-sportivo-las-palmeras-de-rio-tala","status":"publish","type":"post","link":"https:\/\/eldiariodesanpedro.com.ar\/sitio\/robo-en-el-club-sportivo-las-palmeras-de-rio-tala\/","title":{"rendered":"Robo en el Club Sportivo Las Palmeras de Rio Tala"},"content":{"rendered":"<p><!-- VideographyWP Plugin Message: Automatic video embedding prevented by plugin options. --><br \/>\nEsta madrugada del sabado, delincuentes ingresando a uno de los vestuarios del Club Sportivo Las Palmeras de la localidad vecina de Rio Tala  y se llevaron algunas pelotas que se utilizan para los entrenamientos.<\/p>\n<p>El Club se encuentra en reparaci\u00f3n por los jugadores de Primera Divisi\u00f3n y estos malhechores habr\u00edan ingresado  por la ventana del vestuario, desde la comisi\u00f3n Directiva piden la colaboraci\u00f3n de los ciudadanos, ya que las pelotas sustra\u00eddas son f\u00e1ciles de reconocer, ya que solo las poseen los clubes de la Liga Sampedrina, y en algunos casos tienen el escudo del club pintado.<\/p>\n<p><iframe style=\"border: none; overflow: hidden;\" data-src=\"https:\/\/www.facebook.com\/plugins\/post.php?href=https%3A%2F%2Fwww.facebook.com%2Fcslaspalmeras%2Fposts%2F10156723718484430&amp;width=500\" width=\"500\" height=\"764\" frameborder=\"0\" scrolling=\"no\" src=\"data:image\/svg+xml;base64,PHN2ZyB3aWR0aD0iMSIgaGVpZ2h0PSIxIiB4bWxucz0iaHR0cDovL3d3dy53My5vcmcvMjAwMC9zdmciPjwvc3ZnPg==\" class=\"lazyload\" data-load-mode=\"1\"><\/iframe><\/p>\n","protected":false},"excerpt":{"rendered":"<p>Esta madrugada del sabado, delincuentes ingresando a uno de los vestuarios del Club Sportivo Las Palmeras de la localidad vecina de Rio Tala y se llevaron algunas pelotas que se utilizan para los entrenamientos. El Club se encuentra en reparaci\u00f3n por los jugadores de Primera Divisi\u00f3n y estos malhechores habr\u00edan ingresado por la ventana del [&hellip;]<\/p>\n","protected":false},"author":4,"featured_media":13371,"comment_status":"open","ping_status":"closed","sticky":false,"template":"","format":"standard","meta":{"om_disable_all_campaigns":false,"_jetpack_memberships_contains_paid_content":false,"footnotes":""},"categories":[2,103],"tags":[],"class_list":["post-38676","post","type-post","status-publish","format-standard","has-post-thumbnail","hentry","category-locales","category-policiales-locales"],"aioseo_notices":[],"gutentor_comment":0,"jetpack_featured_media_url":"https:\/\/eldiariodesanpedro.com.ar\/sitio\/wp-content\/uploads\/2017\/01\/Patrulla-3-e1485286104708.jpg","jetpack_shortlink":"https:\/\/wp.me\/p6RhLt-a3O","jetpack_sharing_enabled":true,"_links":{"self":[{"href":"https:\/\/eldiariodesanpedro.com.ar\/sitio\/wp-json\/wp\/v2\/posts\/38676","targetHints":{"allow":["GET"]}}],"collection":[{"href":"https:\/\/eldiariodesanpedro.com.ar\/sitio\/wp-json\/wp\/v2\/posts"}],"about":[{"href":"https:\/\/eldiariodesanpedro.com.ar\/sitio\/wp-json\/wp\/v2\/types\/post"}],"author":[{"embeddable":true,"href":"https:\/\/eldiariodesanpedro.com.ar\/sitio\/wp-json\/wp\/v2\/users\/4"}],"replies":[{"embeddable":true,"href":"https:\/\/eldiariodesanpedro.com.ar\/sitio\/wp-json\/wp\/v2\/comments?post=38676"}],"version-history":[{"count":1,"href":"https:\/\/eldiariodesanpedro.com.ar\/sitio\/wp-json\/wp\/v2\/posts\/38676\/revisions"}],"predecessor-version":[{"id":38677,"href":"https:\/\/eldiariodesanpedro.com.ar\/sitio\/wp-json\/wp\/v2\/posts\/38676\/revisions\/38677"}],"wp:featuredmedia":[{"embeddable":true,"href":"https:\/\/eldiariodesanpedro.com.ar\/sitio\/wp-json\/wp\/v2\/media\/13371"}],"wp:attachment":[{"href":"https:\/\/eldiariodesanpedro.com.ar\/sitio\/wp-json\/wp\/v2\/media?parent=38676"}],"wp:term":[{"taxonomy":"category","embeddable":true,"href":"https:\/\/eldiariodesanpedro.com.ar\/sitio\/wp-json\/wp\/v2\/categories?post=38676"},{"taxonomy":"post_tag","embeddable":true,"href":"https:\/\/eldiariodesanpedro.com.ar\/sitio\/wp-json\/wp\/v2\/tags?post=38676"}],"curies":[{"name":"wp","href":"https:\/\/api.w.org\/{rel}","templated":true}]}}