{"id":38673,"date":"2018-08-18T10:39:49","date_gmt":"2018-08-18T13:39:49","guid":{"rendered":"https:\/\/eldiariodesanpedro.com.ar\/sitio\/?p=38673"},"modified":"2018-08-18T10:39:49","modified_gmt":"2018-08-18T13:39:49","slug":"un-delincuente-fue-aprehendido-cuando-huia-con-un-neumatico","status":"publish","type":"post","link":"https:\/\/eldiariodesanpedro.com.ar\/sitio\/un-delincuente-fue-aprehendido-cuando-huia-con-un-neumatico\/","title":{"rendered":"Un delincuente fue aprehendido cuando hu\u00eda con un neum\u00e1tico"},"content":{"rendered":"<p><!-- VideographyWP Plugin Message: Automatic video embedding prevented by plugin options. --><br \/>\nEste sabado por la tarde, en intersecci\u00f3n de las calles 25 de Mayo y Simonini, se aprehendi\u00f3 a un delincuente de 29 a\u00f1os de edad con frondosos antecedentes, que se encontraba huyendo del lugar con un neum\u00e1tico bajo el brazo,  el cual habr\u00eda sustra\u00eddo del interior de un veh\u00edculo estacionado en la v\u00eda publica.<\/p>\n<p>Se procede al secuestro del neum\u00e1tico y al traslado del aprehendido a la Dependencia Local. <\/p>\n","protected":false},"excerpt":{"rendered":"<p>Este sabado por la tarde, en intersecci\u00f3n de las calles 25 de Mayo y Simonini, se aprehendi\u00f3 a un delincuente de 29 a\u00f1os de edad con frondosos antecedentes, que se encontraba huyendo del lugar con un neum\u00e1tico bajo el brazo, el cual habr\u00eda sustra\u00eddo del interior de un veh\u00edculo estacionado en la v\u00eda publica. Se [&hellip;]<\/p>\n","protected":false},"author":4,"featured_media":38674,"comment_status":"open","ping_status":"closed","sticky":false,"template":"","format":"standard","meta":{"om_disable_all_campaigns":false,"_jetpack_memberships_contains_paid_content":false,"footnotes":""},"categories":[2,103],"tags":[],"class_list":["post-38673","post","type-post","status-publish","format-standard","has-post-thumbnail","hentry","category-locales","category-policiales-locales"],"aioseo_notices":[],"gutentor_comment":0,"jetpack_featured_media_url":"https:\/\/eldiariodesanpedro.com.ar\/sitio\/wp-content\/uploads\/2018\/08\/2-1.jpg","jetpack_shortlink":"https:\/\/wp.me\/p6RhLt-a3L","jetpack_sharing_enabled":true,"_links":{"self":[{"href":"https:\/\/eldiariodesanpedro.com.ar\/sitio\/wp-json\/wp\/v2\/posts\/38673","targetHints":{"allow":["GET"]}}],"collection":[{"href":"https:\/\/eldiariodesanpedro.com.ar\/sitio\/wp-json\/wp\/v2\/posts"}],"about":[{"href":"https:\/\/eldiariodesanpedro.com.ar\/sitio\/wp-json\/wp\/v2\/types\/post"}],"author":[{"embeddable":true,"href":"https:\/\/eldiariodesanpedro.com.ar\/sitio\/wp-json\/wp\/v2\/users\/4"}],"replies":[{"embeddable":true,"href":"https:\/\/eldiariodesanpedro.com.ar\/sitio\/wp-json\/wp\/v2\/comments?post=38673"}],"version-history":[{"count":1,"href":"https:\/\/eldiariodesanpedro.com.ar\/sitio\/wp-json\/wp\/v2\/posts\/38673\/revisions"}],"predecessor-version":[{"id":38675,"href":"https:\/\/eldiariodesanpedro.com.ar\/sitio\/wp-json\/wp\/v2\/posts\/38673\/revisions\/38675"}],"wp:featuredmedia":[{"embeddable":true,"href":"https:\/\/eldiariodesanpedro.com.ar\/sitio\/wp-json\/wp\/v2\/media\/38674"}],"wp:attachment":[{"href":"https:\/\/eldiariodesanpedro.com.ar\/sitio\/wp-json\/wp\/v2\/media?parent=38673"}],"wp:term":[{"taxonomy":"category","embeddable":true,"href":"https:\/\/eldiariodesanpedro.com.ar\/sitio\/wp-json\/wp\/v2\/categories?post=38673"},{"taxonomy":"post_tag","embeddable":true,"href":"https:\/\/eldiariodesanpedro.com.ar\/sitio\/wp-json\/wp\/v2\/tags?post=38673"}],"curies":[{"name":"wp","href":"https:\/\/api.w.org\/{rel}","templated":true}]}}