{"id":38671,"date":"2018-08-18T10:15:03","date_gmt":"2018-08-18T13:15:03","guid":{"rendered":"https:\/\/eldiariodesanpedro.com.ar\/sitio\/?p=38671"},"modified":"2018-08-18T10:15:03","modified_gmt":"2018-08-18T13:15:03","slug":"dos-menores-aprehendidos-en-persecucion-policial","status":"publish","type":"post","link":"https:\/\/eldiariodesanpedro.com.ar\/sitio\/dos-menores-aprehendidos-en-persecucion-policial\/","title":{"rendered":"Dos menores aprehendidos en persecuci\u00f3n policial"},"content":{"rendered":"<p><!-- VideographyWP Plugin Message: Automatic video embedding prevented by plugin options. --><br \/>\nEste sabado por la tarde, personal policial, en distintos operativos que se realizan en la ciudad, tratan de identificar a dos j\u00f3venes que circulaban en una motocicleta en intersecci\u00f3n de las calles Belgrano y Linier, quienes se dan a la fuga r\u00e1pidamente impidiendo el control.<\/p>\n<p>Personal del GAD proceden a una persecuci\u00f3n hasta llegar a calle Tucuman y Botaro,  donde quien circulaba como acompa\u00f1ante salta del rodado logrando que quien conduc\u00eda pierda el control y tambi\u00e9n abandone el mismo, logrando ser aprehendidos por los efectivos policiales.<\/p>\n<p>Siendo trasladados a la Dependencia Local, los j\u00f3venes resultan ser menores de edad donde se dispone intervenci\u00f3n de la UFI del Joven quien dispuso notificaci\u00f3n de la causa por \u00abresistencia a la autoridad &#8211; aprehensi\u00f3n &#8211; secuestro\u00bb, y posterior entrega a sus progenitores.<\/p>\n","protected":false},"excerpt":{"rendered":"<p>Este sabado por la tarde, personal policial, en distintos operativos que se realizan en la ciudad, tratan de identificar a dos j\u00f3venes que circulaban en una motocicleta en intersecci\u00f3n de las calles Belgrano y Linier, quienes se dan a la fuga r\u00e1pidamente impidiendo el control. Personal del GAD proceden a una persecuci\u00f3n hasta llegar a [&hellip;]<\/p>\n","protected":false},"author":4,"featured_media":30195,"comment_status":"open","ping_status":"closed","sticky":false,"template":"","format":"standard","meta":{"om_disable_all_campaigns":false,"_jetpack_memberships_contains_paid_content":false,"footnotes":""},"categories":[2,103],"tags":[],"class_list":["post-38671","post","type-post","status-publish","format-standard","has-post-thumbnail","hentry","category-locales","category-policiales-locales"],"aioseo_notices":[],"gutentor_comment":0,"jetpack_featured_media_url":"https:\/\/eldiariodesanpedro.com.ar\/sitio\/wp-content\/uploads\/2018\/03\/Aprehendido-y-ofuscado.jpg","jetpack_shortlink":"https:\/\/wp.me\/p6RhLt-a3J","jetpack_sharing_enabled":true,"_links":{"self":[{"href":"https:\/\/eldiariodesanpedro.com.ar\/sitio\/wp-json\/wp\/v2\/posts\/38671","targetHints":{"allow":["GET"]}}],"collection":[{"href":"https:\/\/eldiariodesanpedro.com.ar\/sitio\/wp-json\/wp\/v2\/posts"}],"about":[{"href":"https:\/\/eldiariodesanpedro.com.ar\/sitio\/wp-json\/wp\/v2\/types\/post"}],"author":[{"embeddable":true,"href":"https:\/\/eldiariodesanpedro.com.ar\/sitio\/wp-json\/wp\/v2\/users\/4"}],"replies":[{"embeddable":true,"href":"https:\/\/eldiariodesanpedro.com.ar\/sitio\/wp-json\/wp\/v2\/comments?post=38671"}],"version-history":[{"count":1,"href":"https:\/\/eldiariodesanpedro.com.ar\/sitio\/wp-json\/wp\/v2\/posts\/38671\/revisions"}],"predecessor-version":[{"id":38672,"href":"https:\/\/eldiariodesanpedro.com.ar\/sitio\/wp-json\/wp\/v2\/posts\/38671\/revisions\/38672"}],"wp:featuredmedia":[{"embeddable":true,"href":"https:\/\/eldiariodesanpedro.com.ar\/sitio\/wp-json\/wp\/v2\/media\/30195"}],"wp:attachment":[{"href":"https:\/\/eldiariodesanpedro.com.ar\/sitio\/wp-json\/wp\/v2\/media?parent=38671"}],"wp:term":[{"taxonomy":"category","embeddable":true,"href":"https:\/\/eldiariodesanpedro.com.ar\/sitio\/wp-json\/wp\/v2\/categories?post=38671"},{"taxonomy":"post_tag","embeddable":true,"href":"https:\/\/eldiariodesanpedro.com.ar\/sitio\/wp-json\/wp\/v2\/tags?post=38671"}],"curies":[{"name":"wp","href":"https:\/\/api.w.org\/{rel}","templated":true}]}}