{"id":38669,"date":"2018-08-18T09:48:33","date_gmt":"2018-08-18T12:48:33","guid":{"rendered":"https:\/\/eldiariodesanpedro.com.ar\/sitio\/?p=38669"},"modified":"2018-08-18T09:51:44","modified_gmt":"2018-08-18T12:51:44","slug":"por-una-discusion-le-efectuo-un-disparo-en-la-pierna-la-victima-tiene-14-anos","status":"publish","type":"post","link":"https:\/\/eldiariodesanpedro.com.ar\/sitio\/por-una-discusion-le-efectuo-un-disparo-en-la-pierna-la-victima-tiene-14-anos\/","title":{"rendered":"Por una discusi\u00f3n le efectu\u00f3 un disparo en la pierna, la victima tiene 14 a\u00f1os"},"content":{"rendered":"<p><!-- VideographyWP Plugin Message: Automatic video embedding prevented by plugin options. --><br \/>\nEste viernes en horas de la noche, ingres\u00f3 al hospital local, un joven de 14 a\u00f1os de edad con herida de arma de fuego en pierna derecha, quienes desde el nosocomio dieron aviso al personal de la Comisaria para su testimonio.<\/p>\n<p>El menor pudo contar que se encontraba en la v\u00eda publica, mas precisamente en calle Manuel Iglesias al 800, y tras discusi\u00f3n mantenida con otro joven, al cual conoce, este lo amenaza y le efect\u00faa un disparo en la pierna.<\/p>\n<p>Como consecuencia su herida fue de car\u00e1cter leve, sin compromiso oseo y fue dado de alta luego de la intervenci\u00f3n medica.<\/p>\n","protected":false},"excerpt":{"rendered":"<p>Este viernes en horas de la noche, ingres\u00f3 al hospital local, un joven de 14 a\u00f1os de edad con herida de arma de fuego en pierna derecha, quienes desde el nosocomio dieron aviso al personal de la Comisaria para su testimonio. El menor pudo contar que se encontraba en la v\u00eda publica, mas precisamente en [&hellip;]<\/p>\n","protected":false},"author":4,"featured_media":8212,"comment_status":"open","ping_status":"closed","sticky":false,"template":"","format":"standard","meta":{"om_disable_all_campaigns":false,"_jetpack_memberships_contains_paid_content":false,"footnotes":""},"categories":[2,103],"tags":[],"class_list":["post-38669","post","type-post","status-publish","format-standard","has-post-thumbnail","hentry","category-locales","category-policiales-locales"],"aioseo_notices":[],"gutentor_comment":0,"jetpack_featured_media_url":"https:\/\/eldiariodesanpedro.com.ar\/sitio\/wp-content\/uploads\/2016\/09\/arma-de-fuego.jpg","jetpack_shortlink":"https:\/\/wp.me\/p6RhLt-a3H","jetpack_sharing_enabled":true,"_links":{"self":[{"href":"https:\/\/eldiariodesanpedro.com.ar\/sitio\/wp-json\/wp\/v2\/posts\/38669","targetHints":{"allow":["GET"]}}],"collection":[{"href":"https:\/\/eldiariodesanpedro.com.ar\/sitio\/wp-json\/wp\/v2\/posts"}],"about":[{"href":"https:\/\/eldiariodesanpedro.com.ar\/sitio\/wp-json\/wp\/v2\/types\/post"}],"author":[{"embeddable":true,"href":"https:\/\/eldiariodesanpedro.com.ar\/sitio\/wp-json\/wp\/v2\/users\/4"}],"replies":[{"embeddable":true,"href":"https:\/\/eldiariodesanpedro.com.ar\/sitio\/wp-json\/wp\/v2\/comments?post=38669"}],"version-history":[{"count":1,"href":"https:\/\/eldiariodesanpedro.com.ar\/sitio\/wp-json\/wp\/v2\/posts\/38669\/revisions"}],"predecessor-version":[{"id":38670,"href":"https:\/\/eldiariodesanpedro.com.ar\/sitio\/wp-json\/wp\/v2\/posts\/38669\/revisions\/38670"}],"wp:featuredmedia":[{"embeddable":true,"href":"https:\/\/eldiariodesanpedro.com.ar\/sitio\/wp-json\/wp\/v2\/media\/8212"}],"wp:attachment":[{"href":"https:\/\/eldiariodesanpedro.com.ar\/sitio\/wp-json\/wp\/v2\/media?parent=38669"}],"wp:term":[{"taxonomy":"category","embeddable":true,"href":"https:\/\/eldiariodesanpedro.com.ar\/sitio\/wp-json\/wp\/v2\/categories?post=38669"},{"taxonomy":"post_tag","embeddable":true,"href":"https:\/\/eldiariodesanpedro.com.ar\/sitio\/wp-json\/wp\/v2\/tags?post=38669"}],"curies":[{"name":"wp","href":"https:\/\/api.w.org\/{rel}","templated":true}]}}