{"id":38660,"date":"2018-08-17T21:22:41","date_gmt":"2018-08-18T00:22:41","guid":{"rendered":"https:\/\/eldiariodesanpedro.com.ar\/sitio\/?p=38660"},"modified":"2026-01-24T00:11:12","modified_gmt":"2026-01-24T03:11:12","slug":"futbol-local-la-tercera-fecha-se-juega-entre-sabado-y-lunes","status":"publish","type":"post","link":"https:\/\/eldiariodesanpedro.com.ar\/sitio\/futbol-local-la-tercera-fecha-se-juega-entre-sabado-y-lunes\/","title":{"rendered":"F\u00daTBOL LOCAL: La tercera fecha se juega entre s\u00e1bado y lunes"},"content":{"rendered":"<p><!-- VideographyWP Plugin Message: Automatic video embedding prevented by plugin options. --><br \/>\n  En tres d\u00edas se jugar\u00e1 la tercera fecha del Torneo Clausura aprovechando el feriado del pr\u00f3ximo lunes. La jornada tendr\u00e1 un cl\u00e1sico con convocatoria masiva en el \u201cNegro Pildain\u201d: Central C\u00f3rdoba ante Gral. San Mart\u00edn en Santa Luc\u00eda.<br \/>\n  Ambos llegan como punteros de sus zonas, con igual racha: dos jugados, dos ganados. Un total de 12 efectivos policiales para el d\u00eda lunes en Santa Lucia. Tambi\u00e9n ese d\u00eda jugar\u00e1n Sportivo Baradero con Am\u00e9rica y Portela-Fundici\u00f3n.<br \/>\n  El s\u00e1bado La Esperanza-Banfield y Mitre con Las Palmeras y el domingo Paran\u00e1-Agricultores; Alsina-Rivadavia; Atl\u00e9tico-Independencia y Def. Unidos-San Roque. <\/p>\n<p><strong>Todos los partidos y horarios<\/strong><\/p>\n<p><em>Zona A<\/em><br \/>\nParan\u00e1 FC vs. Agricultores Club (domingo 10 de agosto)<br \/>\n(Quinta: 10:30\/Cuarta: 11:45\/Tercera: 13:00\/Sub 21: 14:30\/Primera: 16:15)<\/p>\n<p>Sportivo vs. Am\u00e9rica (lunes 20 de agosto)<br \/>\n(Quinta: 10:30\/Cuarta: 11:45\/Tercera: 13:00\/Sub 21: 14:30\/Primera: 16:15)<\/p>\n<p>La Esperanza vs. Banfield (s\u00e1bado 18 de agosto)<br \/>\n(Quinta: 10:30\/Cuarta: 11:45\/Tercera: 13:00\/Sub 21: 14:30\/Primera: 16:15)<\/p>\n<p>Ireneo Portela vs. Fundici\u00f3n FC (lunes 20 de agosto)<br \/>\n(Quinta: 10:00\/Cuarta: 11:15\/Tercera: 12:30\/Sub 21: 14:00\/Primera: 15:45)<\/p>\n<p><em>Zona B<\/em><br \/>\nDep. Alsina vs. Rivadavia (domingo 19 de agosto)<br \/>\n(Quinta: 10:30\/Cuarta: 11:45\/Tercera: 13:00\/Sub 21: 14:30\/Primera: 16:15)<\/p>\n<p>Atl\u00e9tico vs. Independencia FC (domingo 19 de agosto)<br \/>\n(Quinta: 10:30\/Cuarta: 11:45\/Tercera: 13:00\/Sub 21: 14:30\/Primera: 16:15)<\/p>\n<p>Mitre vs. Las Palmeras (s\u00e1bado 18 de agosto)<br \/>\n(Quinta: 10:30\/Cuarta: 11:45\/Tercera: 13:00\/Sub 21: 14:30\/Primera: 16:15)<\/p>\n<p>Def. Unidos vs. San Roque FC (Domingo 19 de agosto)<br \/>\n(Quinta: 10:00\/Cuarta: 11:15\/Tercera: 12:30\/Sub 21: 14:00\/Primera: 15:45)<\/p>\n<p><em>Interzonal<\/em><br \/>\nCentral C\u00f3rdoba vs. Gral. San Mart\u00edn (lunes 20 de agosto)<br \/>\n(Quinta: 10:30\/Cuarta: 11:45\/Tercera: 13:00\/Sub 21: 14:30\/Primera: 16:15)<\/p>\n","protected":false},"excerpt":{"rendered":"<p>En tres d\u00edas se jugar\u00e1 la tercera fecha del Torneo Clausura aprovechando el feriado del pr\u00f3ximo lunes. La jornada tendr\u00e1 un cl\u00e1sico con convocatoria masiva en el \u201cNegro Pildain\u201d: Central C\u00f3rdoba ante Gral. San Mart\u00edn en Santa Luc\u00eda. Ambos llegan como punteros de sus zonas, con igual racha: dos jugados, dos ganados. Un total de [&hellip;]<\/p>\n","protected":false},"author":4,"featured_media":21255,"comment_status":"open","ping_status":"closed","sticky":false,"template":"","format":"standard","meta":{"om_disable_all_campaigns":false,"_jetpack_memberships_contains_paid_content":false,"footnotes":""},"categories":[5],"tags":[],"class_list":["post-38660","post","type-post","status-publish","format-standard","has-post-thumbnail","hentry","category-deportes"],"aioseo_notices":[],"gutentor_comment":0,"jetpack_featured_media_url":"https:\/\/eldiariodesanpedro.com.ar\/sitio\/wp-content\/uploads\/2017\/07\/futbol-arco.jpg","jetpack_shortlink":"https:\/\/wp.me\/p6RhLt-a3y","jetpack_sharing_enabled":true,"_links":{"self":[{"href":"https:\/\/eldiariodesanpedro.com.ar\/sitio\/wp-json\/wp\/v2\/posts\/38660","targetHints":{"allow":["GET"]}}],"collection":[{"href":"https:\/\/eldiariodesanpedro.com.ar\/sitio\/wp-json\/wp\/v2\/posts"}],"about":[{"href":"https:\/\/eldiariodesanpedro.com.ar\/sitio\/wp-json\/wp\/v2\/types\/post"}],"author":[{"embeddable":true,"href":"https:\/\/eldiariodesanpedro.com.ar\/sitio\/wp-json\/wp\/v2\/users\/4"}],"replies":[{"embeddable":true,"href":"https:\/\/eldiariodesanpedro.com.ar\/sitio\/wp-json\/wp\/v2\/comments?post=38660"}],"version-history":[{"count":2,"href":"https:\/\/eldiariodesanpedro.com.ar\/sitio\/wp-json\/wp\/v2\/posts\/38660\/revisions"}],"predecessor-version":[{"id":38666,"href":"https:\/\/eldiariodesanpedro.com.ar\/sitio\/wp-json\/wp\/v2\/posts\/38660\/revisions\/38666"}],"wp:featuredmedia":[{"embeddable":true,"href":"https:\/\/eldiariodesanpedro.com.ar\/sitio\/wp-json\/wp\/v2\/media\/21255"}],"wp:attachment":[{"href":"https:\/\/eldiariodesanpedro.com.ar\/sitio\/wp-json\/wp\/v2\/media?parent=38660"}],"wp:term":[{"taxonomy":"category","embeddable":true,"href":"https:\/\/eldiariodesanpedro.com.ar\/sitio\/wp-json\/wp\/v2\/categories?post=38660"},{"taxonomy":"post_tag","embeddable":true,"href":"https:\/\/eldiariodesanpedro.com.ar\/sitio\/wp-json\/wp\/v2\/tags?post=38660"}],"curies":[{"name":"wp","href":"https:\/\/api.w.org\/{rel}","templated":true}]}}