{"id":38659,"date":"2018-08-17T21:21:35","date_gmt":"2018-08-18T00:21:35","guid":{"rendered":"https:\/\/eldiariodesanpedro.com.ar\/sitio\/?p=38659"},"modified":"2026-01-24T00:11:12","modified_gmt":"2026-01-24T03:11:12","slug":"ciclismo-varios-ciclistas-locales-participaron-en-san-nicolas","status":"publish","type":"post","link":"https:\/\/eldiariodesanpedro.com.ar\/sitio\/ciclismo-varios-ciclistas-locales-participaron-en-san-nicolas\/","title":{"rendered":"CICLISMO: Varios ciclistas locales participaron en San Nicol\u00e1s"},"content":{"rendered":"<p><!-- VideographyWP Plugin Message: Automatic video embedding prevented by plugin options. --><br \/>\nSe realiz\u00f3 en la pista del Club Ciclista San Nicol\u00e1s, una nueva fecha del campeonato, fiscaliz\u00f3 ACINOBA. Just\u00edn Giuliani de San Pedro gan\u00f3 en Infantiles 2012-13 y destacada participaci\u00f3n de m\u00e1s sampedrinos en la jornada realizada el domingo anterior.<\/p>\n<p><strong>Infantiles<\/strong><br \/>\n<em>2012\/13<\/em><br \/>\n1\u00b0 Justin Giuliani (San Pedro)<br \/>\n2\u00b0 Maximiliano Tognato (Casilda)<br \/>\n3\u00b0 El\u00edas Eizmendi (Lobos)<br \/>\n4\u00b0 Isa\u00edas Eizmendi  (Lobos)<\/p>\n<p><em>2010\/11<\/em><br \/>\n1\u00b0 Nicol\u00e1s Molina (Col\u00f3n)<br \/>\n2\u00b0 Tom\u00e1s Olgu\u00edn (Col\u00f3n)<br \/>\n3\u00b0 Laureano Cardozo (San Pedro)<br \/>\n4\u00aa Antonia Orozco (Lincoln)<br \/>\n5\u00b0 Joaqu\u00edn Garc\u00eda (San Nicol\u00e1s)<\/p>\n<p><em>2004\/05<\/em><br \/>\n1\u00b0 Facundo Gelosi (Bell Ville)<br \/>\n2\u00b0 Joaqu\u00edn Rivas (Marcos Ju\u00e1rez)<br \/>\n3\u00b0 Gor\u00e1n Dundic (Salto)<br \/>\n4\u00aa Brenda Paz (San Pedro)<br \/>\n5\u00b0 Mart\u00edn Cepeda (San Nicol\u00e1s)<\/p>\n<p><em>Inactivos Menores<\/em><br \/>\n1\u00b0 Nazareno Ortega (Jun\u00edn)<br \/>\n2\u00b0 Daniel Boaglio (San Pedro)<br \/>\n3\u00b0 Facundo G\u00f3mez (Col\u00f3n)<br \/>\n4\u00b0 Mat\u00edas M\u00e9ndez (Lincoln)<br \/>\n5\u00b0 Brian Cirulli (Col\u00f3n)<\/p>\n<p><em>Promocionales y Juveniles<\/em><br \/>\n1\u00b0 Nicol\u00e1s Grosso (San Nicol\u00e1s)<br \/>\n2\u00b0 Diego Ojeda (Pergamino)<br \/>\n3\u00b0 Juan Grosso (San Nicol\u00e1s)<br \/>\n4\u00b0 Ignacio Garc\u00eda (San Nicol\u00e1s)<br \/>\n5\u00b0 Adri\u00e1n Mendoza (San Pedro)<\/p>\n<p><em>Elite \u2013 Sub 23 y Junior<\/em><br \/>\n1\u00b0 Lukas Dundic (Salto)<br \/>\n2\u00b0 Tom\u00e1s Ruiz (Rosario)<br \/>\n3\u00b0 Cristian Monz\u00f3n (San Pedro)<br \/>\n4\u00b0 Federico Ojeda (Pergamino)<br \/>\n5\u00b0 Mariano Manzo (San Pedro)<\/p>\n","protected":false},"excerpt":{"rendered":"<p>Se realiz\u00f3 en la pista del Club Ciclista San Nicol\u00e1s, una nueva fecha del campeonato, fiscaliz\u00f3 ACINOBA. Just\u00edn Giuliani de San Pedro gan\u00f3 en Infantiles 2012-13 y destacada participaci\u00f3n de m\u00e1s sampedrinos en la jornada realizada el domingo anterior. Infantiles 2012\/13 1\u00b0 Justin Giuliani (San Pedro) 2\u00b0 Maximiliano Tognato (Casilda) 3\u00b0 El\u00edas Eizmendi (Lobos) 4\u00b0 [&hellip;]<\/p>\n","protected":false},"author":4,"featured_media":24046,"comment_status":"open","ping_status":"closed","sticky":false,"template":"","format":"standard","meta":{"om_disable_all_campaigns":false,"_jetpack_memberships_contains_paid_content":false,"footnotes":""},"categories":[5],"tags":[],"class_list":["post-38659","post","type-post","status-publish","format-standard","has-post-thumbnail","hentry","category-deportes"],"aioseo_notices":[],"gutentor_comment":0,"jetpack_featured_media_url":"https:\/\/eldiariodesanpedro.com.ar\/sitio\/wp-content\/uploads\/2017\/10\/ciclismo-2.jpg","jetpack_shortlink":"https:\/\/wp.me\/p6RhLt-a3x","jetpack_sharing_enabled":true,"_links":{"self":[{"href":"https:\/\/eldiariodesanpedro.com.ar\/sitio\/wp-json\/wp\/v2\/posts\/38659","targetHints":{"allow":["GET"]}}],"collection":[{"href":"https:\/\/eldiariodesanpedro.com.ar\/sitio\/wp-json\/wp\/v2\/posts"}],"about":[{"href":"https:\/\/eldiariodesanpedro.com.ar\/sitio\/wp-json\/wp\/v2\/types\/post"}],"author":[{"embeddable":true,"href":"https:\/\/eldiariodesanpedro.com.ar\/sitio\/wp-json\/wp\/v2\/users\/4"}],"replies":[{"embeddable":true,"href":"https:\/\/eldiariodesanpedro.com.ar\/sitio\/wp-json\/wp\/v2\/comments?post=38659"}],"version-history":[{"count":2,"href":"https:\/\/eldiariodesanpedro.com.ar\/sitio\/wp-json\/wp\/v2\/posts\/38659\/revisions"}],"predecessor-version":[{"id":38665,"href":"https:\/\/eldiariodesanpedro.com.ar\/sitio\/wp-json\/wp\/v2\/posts\/38659\/revisions\/38665"}],"wp:featuredmedia":[{"embeddable":true,"href":"https:\/\/eldiariodesanpedro.com.ar\/sitio\/wp-json\/wp\/v2\/media\/24046"}],"wp:attachment":[{"href":"https:\/\/eldiariodesanpedro.com.ar\/sitio\/wp-json\/wp\/v2\/media?parent=38659"}],"wp:term":[{"taxonomy":"category","embeddable":true,"href":"https:\/\/eldiariodesanpedro.com.ar\/sitio\/wp-json\/wp\/v2\/categories?post=38659"},{"taxonomy":"post_tag","embeddable":true,"href":"https:\/\/eldiariodesanpedro.com.ar\/sitio\/wp-json\/wp\/v2\/tags?post=38659"}],"curies":[{"name":"wp","href":"https:\/\/api.w.org\/{rel}","templated":true}]}}