{"id":38658,"date":"2018-08-17T21:17:35","date_gmt":"2018-08-18T00:17:35","guid":{"rendered":"https:\/\/eldiariodesanpedro.com.ar\/sitio\/?p=38658"},"modified":"2026-01-24T00:11:12","modified_gmt":"2026-01-24T03:11:12","slug":"rural-bike-triunfo-de-mallo-en-pergamino","status":"publish","type":"post","link":"https:\/\/eldiariodesanpedro.com.ar\/sitio\/rural-bike-triunfo-de-mallo-en-pergamino\/","title":{"rendered":"RURAL BIKE: Triunfo de Mallo en Pergamino"},"content":{"rendered":"<p><!-- VideographyWP Plugin Message: Automatic video embedding prevented by plugin options. --><br \/>\n  Mat\u00edas Mallo, representante de nuestra ciudad, se impuso en Urquiza, partido de Pergamino, el \u00faltimo domingo en importante competencia de Rural Biker.<\/p>\n<p>  Fueron parte del programa pedalistas de cat. Elite y Master \u201cA\u201d y el podio de la clasificaci\u00f3n general estuvo encabezado por Mat\u00edas Mallo (San Pedro), seguido de Lucas Morales (Pergamino) y An\u00edbal Nissero (Arrecifes).<\/p>\n","protected":false},"excerpt":{"rendered":"<p>Mat\u00edas Mallo, representante de nuestra ciudad, se impuso en Urquiza, partido de Pergamino, el \u00faltimo domingo en importante competencia de Rural Biker. Fueron parte del programa pedalistas de cat. Elite y Master \u201cA\u201d y el podio de la clasificaci\u00f3n general estuvo encabezado por Mat\u00edas Mallo (San Pedro), seguido de Lucas Morales (Pergamino) y An\u00edbal Nissero [&hellip;]<\/p>\n","protected":false},"author":4,"featured_media":0,"comment_status":"open","ping_status":"closed","sticky":false,"template":"","format":"standard","meta":{"om_disable_all_campaigns":false,"_jetpack_memberships_contains_paid_content":false,"footnotes":""},"categories":[5],"tags":[],"class_list":["post-38658","post","type-post","status-publish","format-standard","hentry","category-deportes"],"aioseo_notices":[],"gutentor_comment":0,"jetpack_featured_media_url":"","jetpack_shortlink":"https:\/\/wp.me\/p6RhLt-a3w","jetpack_sharing_enabled":true,"_links":{"self":[{"href":"https:\/\/eldiariodesanpedro.com.ar\/sitio\/wp-json\/wp\/v2\/posts\/38658","targetHints":{"allow":["GET"]}}],"collection":[{"href":"https:\/\/eldiariodesanpedro.com.ar\/sitio\/wp-json\/wp\/v2\/posts"}],"about":[{"href":"https:\/\/eldiariodesanpedro.com.ar\/sitio\/wp-json\/wp\/v2\/types\/post"}],"author":[{"embeddable":true,"href":"https:\/\/eldiariodesanpedro.com.ar\/sitio\/wp-json\/wp\/v2\/users\/4"}],"replies":[{"embeddable":true,"href":"https:\/\/eldiariodesanpedro.com.ar\/sitio\/wp-json\/wp\/v2\/comments?post=38658"}],"version-history":[{"count":1,"href":"https:\/\/eldiariodesanpedro.com.ar\/sitio\/wp-json\/wp\/v2\/posts\/38658\/revisions"}],"predecessor-version":[{"id":38661,"href":"https:\/\/eldiariodesanpedro.com.ar\/sitio\/wp-json\/wp\/v2\/posts\/38658\/revisions\/38661"}],"wp:attachment":[{"href":"https:\/\/eldiariodesanpedro.com.ar\/sitio\/wp-json\/wp\/v2\/media?parent=38658"}],"wp:term":[{"taxonomy":"category","embeddable":true,"href":"https:\/\/eldiariodesanpedro.com.ar\/sitio\/wp-json\/wp\/v2\/categories?post=38658"},{"taxonomy":"post_tag","embeddable":true,"href":"https:\/\/eldiariodesanpedro.com.ar\/sitio\/wp-json\/wp\/v2\/tags?post=38658"}],"curies":[{"name":"wp","href":"https:\/\/api.w.org\/{rel}","templated":true}]}}