{"id":38649,"date":"2018-08-17T21:08:25","date_gmt":"2018-08-18T00:08:25","guid":{"rendered":"https:\/\/eldiariodesanpedro.com.ar\/sitio\/?p=38649"},"modified":"2026-01-24T00:11:13","modified_gmt":"2026-01-24T03:11:13","slug":"nacional-de-futbol-sub-15-importante-punto-logro-san-pedro-en-pergamino","status":"publish","type":"post","link":"https:\/\/eldiariodesanpedro.com.ar\/sitio\/nacional-de-futbol-sub-15-importante-punto-logro-san-pedro-en-pergamino\/","title":{"rendered":"NACIONAL DE F\u00daTBOL SUB 15: Importante punto logr\u00f3 San Pedro en Pergamino"},"content":{"rendered":"<p><!-- VideographyWP Plugin Message: Automatic video embedding prevented by plugin options. --><br \/>\n  En la hermosa cancha de Juventud se jug\u00f3 este jueves el partido correspondiente a la primera fecha del Torneo que organiza AFA y coordina Federaci\u00f3n Norte de F\u00fatbol. Los goles los marcaron Sergio Pizzano para el local y Juan Zapata para San Pedro.<br \/>\n  El partido lo domin\u00f3 al principio el equipo de Enrique Cantoni, llegando inclusive al gol a los 15m, pero los chicos que dirige Gerardo Biain una vez que lograron ordenarse en la cancha cambi\u00f3 el tr\u00e1mite del cotejo. En el periodo final lleg\u00f3 al empate y bien pudo quedarse con el triunfo. En el descuento fue expulsado Mat\u00edas Abraham de San Pedro. <\/p>\n<p>  San Pedro form\u00f3 con: Augusto Azimonti, Manuel Butti, Benjam\u00edn Z\u00e1rate, Benjam\u00edn Corbal\u00e1n, M\u00e1ximo Giolito, Ignacio Tod\u00f3n, Ger\u00f3nimo Cabrera, Mat\u00edas Abraham, Manuel Palavecino, Joaqu\u00edn Vaquero y Juan Zapata. DT: Gerardo Biain.<br \/>\nRelevos: Andr\u00e9s Biain, Marco Di Biase, Jord\u00e1n Molina, Juli\u00e1n Barrios, Alan Fern\u00e1ndez, Rodrigo Ram\u00edrez y Genaro Novaro.<br \/>\nGoles: Sergio Pizzano (P), Juan Zapata (SP).<\/p>\n<p><strong>Programa de partidos completo de la Zona C<\/strong><br \/>\n1ra fecha: Pergamino 1- San Pedro 1 y Arrecifes 0- SADA 1<br \/>\n2da fecha: San Pedro vs. Arrecifes y SADA vs. Pergamino<br \/>\n3ra fecha: Arrecifes vs. Pergamino y San Pedro vs. SADA<br \/>\n4ta fecha: San Pedro vs. Pergamino y SADA vs. Arrecifes<br \/>\n5ta fecha: Arrecifes vs. San Pedro y Pergamino vs. SADA<br \/>\n6ta fecha: Pergamino vs. Arrecifes y SADA vs. San Pedro<br \/>\nEn la pr\u00f3xima fecha San Pedro recibe a Arrecifes el mi\u00e9rcoles 22 de agosto en el Estadio Municipal de San Pedro y SADA a Pergamino. <\/p>\n<p><strong>Posiciones<\/strong><br \/>\nSADA 3<br \/>\nSan Pedro 1<br \/>\nPergamino 1<br \/>\nArrecifes 0<\/p>\n","protected":false},"excerpt":{"rendered":"<p>En la hermosa cancha de Juventud se jug\u00f3 este jueves el partido correspondiente a la primera fecha del Torneo que organiza AFA y coordina Federaci\u00f3n Norte de F\u00fatbol. Los goles los marcaron Sergio Pizzano para el local y Juan Zapata para San Pedro. El partido lo domin\u00f3 al principio el equipo de Enrique Cantoni, llegando [&hellip;]<\/p>\n","protected":false},"author":4,"featured_media":35528,"comment_status":"open","ping_status":"closed","sticky":false,"template":"","format":"standard","meta":{"om_disable_all_campaigns":false,"_jetpack_memberships_contains_paid_content":false,"footnotes":""},"categories":[5],"tags":[],"class_list":["post-38649","post","type-post","status-publish","format-standard","has-post-thumbnail","hentry","category-deportes"],"aioseo_notices":[],"gutentor_comment":0,"jetpack_featured_media_url":"https:\/\/eldiariodesanpedro.com.ar\/sitio\/wp-content\/uploads\/2018\/06\/futbol-5.jpg","jetpack_shortlink":"https:\/\/wp.me\/p6RhLt-a3n","jetpack_sharing_enabled":true,"_links":{"self":[{"href":"https:\/\/eldiariodesanpedro.com.ar\/sitio\/wp-json\/wp\/v2\/posts\/38649","targetHints":{"allow":["GET"]}}],"collection":[{"href":"https:\/\/eldiariodesanpedro.com.ar\/sitio\/wp-json\/wp\/v2\/posts"}],"about":[{"href":"https:\/\/eldiariodesanpedro.com.ar\/sitio\/wp-json\/wp\/v2\/types\/post"}],"author":[{"embeddable":true,"href":"https:\/\/eldiariodesanpedro.com.ar\/sitio\/wp-json\/wp\/v2\/users\/4"}],"replies":[{"embeddable":true,"href":"https:\/\/eldiariodesanpedro.com.ar\/sitio\/wp-json\/wp\/v2\/comments?post=38649"}],"version-history":[{"count":2,"href":"https:\/\/eldiariodesanpedro.com.ar\/sitio\/wp-json\/wp\/v2\/posts\/38649\/revisions"}],"predecessor-version":[{"id":38657,"href":"https:\/\/eldiariodesanpedro.com.ar\/sitio\/wp-json\/wp\/v2\/posts\/38649\/revisions\/38657"}],"wp:featuredmedia":[{"embeddable":true,"href":"https:\/\/eldiariodesanpedro.com.ar\/sitio\/wp-json\/wp\/v2\/media\/35528"}],"wp:attachment":[{"href":"https:\/\/eldiariodesanpedro.com.ar\/sitio\/wp-json\/wp\/v2\/media?parent=38649"}],"wp:term":[{"taxonomy":"category","embeddable":true,"href":"https:\/\/eldiariodesanpedro.com.ar\/sitio\/wp-json\/wp\/v2\/categories?post=38649"},{"taxonomy":"post_tag","embeddable":true,"href":"https:\/\/eldiariodesanpedro.com.ar\/sitio\/wp-json\/wp\/v2\/tags?post=38649"}],"curies":[{"name":"wp","href":"https:\/\/api.w.org\/{rel}","templated":true}]}}