{"id":38640,"date":"2018-08-17T20:40:41","date_gmt":"2018-08-17T23:40:41","guid":{"rendered":"https:\/\/eldiariodesanpedro.com.ar\/sitio\/?p=38640"},"modified":"2018-08-17T20:40:41","modified_gmt":"2018-08-17T23:40:41","slug":"san-nicolas-un-auto-choco-contra-un-camion-en-la-ruta-9","status":"publish","type":"post","link":"https:\/\/eldiariodesanpedro.com.ar\/sitio\/san-nicolas-un-auto-choco-contra-un-camion-en-la-ruta-9\/","title":{"rendered":"SAN NICOL\u00c1S: Un auto choc\u00f3 contra un cami\u00f3n en la Ruta 9"},"content":{"rendered":"<p><!-- VideographyWP Plugin Message: Automatic video embedding prevented by plugin options. --><br \/>\nEl hecho ocurri\u00f3 este jueves en el kil\u00f3metro 237 de la Ruta 9, carril Buenos Aires-Rosario.<\/p>\n<p>  En circunstancias que tratan de establecer, un auto Ford Focus colision\u00f3 contra la parte trasera de un cami\u00f3n Mercedes Benz.<\/p>\n<p>  El veh\u00edculo menor era conducido por una joven de 30 a\u00f1os, oriunda de Pav\u00f3n, Santa Fe que result\u00f3 lesionada. En tanto, el conductor del cami\u00f3n, un hombre de 67 a\u00f1os, result\u00f3 ileso.<br \/>\n  Se labraron actuaciones por Lesiones Culposas.<\/p>\n","protected":false},"excerpt":{"rendered":"<p>El hecho ocurri\u00f3 este jueves en el kil\u00f3metro 237 de la Ruta 9, carril Buenos Aires-Rosario. En circunstancias que tratan de establecer, un auto Ford Focus colision\u00f3 contra la parte trasera de un cami\u00f3n Mercedes Benz. El veh\u00edculo menor era conducido por una joven de 30 a\u00f1os, oriunda de Pav\u00f3n, Santa Fe que result\u00f3 lesionada. [&hellip;]<\/p>\n","protected":false},"author":4,"featured_media":38643,"comment_status":"open","ping_status":"closed","sticky":false,"template":"","format":"standard","meta":{"om_disable_all_campaigns":false,"_jetpack_memberships_contains_paid_content":false,"footnotes":""},"categories":[621],"tags":[],"class_list":["post-38640","post","type-post","status-publish","format-standard","has-post-thumbnail","hentry","category-regionales"],"aioseo_notices":[],"gutentor_comment":0,"jetpack_featured_media_url":"https:\/\/eldiariodesanpedro.com.ar\/sitio\/wp-content\/uploads\/2018\/08\/Un-auto-choc\u00f3-contra-un-cami\u00f3n-en-la-Ruta-9.jpg","jetpack_shortlink":"https:\/\/wp.me\/p6RhLt-a3e","jetpack_sharing_enabled":true,"_links":{"self":[{"href":"https:\/\/eldiariodesanpedro.com.ar\/sitio\/wp-json\/wp\/v2\/posts\/38640","targetHints":{"allow":["GET"]}}],"collection":[{"href":"https:\/\/eldiariodesanpedro.com.ar\/sitio\/wp-json\/wp\/v2\/posts"}],"about":[{"href":"https:\/\/eldiariodesanpedro.com.ar\/sitio\/wp-json\/wp\/v2\/types\/post"}],"author":[{"embeddable":true,"href":"https:\/\/eldiariodesanpedro.com.ar\/sitio\/wp-json\/wp\/v2\/users\/4"}],"replies":[{"embeddable":true,"href":"https:\/\/eldiariodesanpedro.com.ar\/sitio\/wp-json\/wp\/v2\/comments?post=38640"}],"version-history":[{"count":1,"href":"https:\/\/eldiariodesanpedro.com.ar\/sitio\/wp-json\/wp\/v2\/posts\/38640\/revisions"}],"predecessor-version":[{"id":38645,"href":"https:\/\/eldiariodesanpedro.com.ar\/sitio\/wp-json\/wp\/v2\/posts\/38640\/revisions\/38645"}],"wp:featuredmedia":[{"embeddable":true,"href":"https:\/\/eldiariodesanpedro.com.ar\/sitio\/wp-json\/wp\/v2\/media\/38643"}],"wp:attachment":[{"href":"https:\/\/eldiariodesanpedro.com.ar\/sitio\/wp-json\/wp\/v2\/media?parent=38640"}],"wp:term":[{"taxonomy":"category","embeddable":true,"href":"https:\/\/eldiariodesanpedro.com.ar\/sitio\/wp-json\/wp\/v2\/categories?post=38640"},{"taxonomy":"post_tag","embeddable":true,"href":"https:\/\/eldiariodesanpedro.com.ar\/sitio\/wp-json\/wp\/v2\/tags?post=38640"}],"curies":[{"name":"wp","href":"https:\/\/api.w.org\/{rel}","templated":true}]}}