{"id":38639,"date":"2018-08-17T20:39:26","date_gmt":"2018-08-17T23:39:26","guid":{"rendered":"https:\/\/eldiariodesanpedro.com.ar\/sitio\/?p=38639"},"modified":"2018-08-17T20:39:26","modified_gmt":"2018-08-17T23:39:26","slug":"baradero-sancionan-a-policias-por-dejar-el-movil-detenido-en-una-estacion-de-servicio","status":"publish","type":"post","link":"https:\/\/eldiariodesanpedro.com.ar\/sitio\/baradero-sancionan-a-policias-por-dejar-el-movil-detenido-en-una-estacion-de-servicio\/","title":{"rendered":"BARADERO: Sancionan a polic\u00edas por dejar el m\u00f3vil detenido en una estaci\u00f3n de servicio"},"content":{"rendered":"<p><!-- VideographyWP Plugin Message: Automatic video embedding prevented by plugin options. --><br \/>\n  As\u00ed lo confirm\u00f3 el Sub Comisario Mario M\u00e9ndez en Tu Radio. Los mismos estuvieron detenidos varios minutos en una estaci\u00f3n de servicios.  Se encontraban en uno de los m\u00f3viles nuevos con las luces apagadas y un vecino los fotografi\u00f3. <\/p>\n<p>  El Sub Comisario cont\u00f3 que recibieron un aviso y una imagen por parte de un vecino. Ante la denuncia, se les consult\u00f3 el motivo y no pudieron justificar su accionar.<\/p>\n<p>  \u201cHemos adoptados las medidas disciplinarias internas que corresponden porque no hab\u00eda motivos para estar detenidos ese tiempo\u201d afirm\u00f3 M\u00e9ndez.<\/p>\n","protected":false},"excerpt":{"rendered":"<p>As\u00ed lo confirm\u00f3 el Sub Comisario Mario M\u00e9ndez en Tu Radio. Los mismos estuvieron detenidos varios minutos en una estaci\u00f3n de servicios. Se encontraban en uno de los m\u00f3viles nuevos con las luces apagadas y un vecino los fotografi\u00f3. El Sub Comisario cont\u00f3 que recibieron un aviso y una imagen por parte de un vecino. [&hellip;]<\/p>\n","protected":false},"author":4,"featured_media":38641,"comment_status":"open","ping_status":"closed","sticky":false,"template":"","format":"standard","meta":{"om_disable_all_campaigns":false,"_jetpack_memberships_contains_paid_content":false,"footnotes":""},"categories":[621],"tags":[],"class_list":["post-38639","post","type-post","status-publish","format-standard","has-post-thumbnail","hentry","category-regionales"],"aioseo_notices":[],"gutentor_comment":0,"jetpack_featured_media_url":"https:\/\/eldiariodesanpedro.com.ar\/sitio\/wp-content\/uploads\/2018\/08\/policias-sancionados.jpg","jetpack_shortlink":"https:\/\/wp.me\/p6RhLt-a3d","jetpack_sharing_enabled":true,"_links":{"self":[{"href":"https:\/\/eldiariodesanpedro.com.ar\/sitio\/wp-json\/wp\/v2\/posts\/38639","targetHints":{"allow":["GET"]}}],"collection":[{"href":"https:\/\/eldiariodesanpedro.com.ar\/sitio\/wp-json\/wp\/v2\/posts"}],"about":[{"href":"https:\/\/eldiariodesanpedro.com.ar\/sitio\/wp-json\/wp\/v2\/types\/post"}],"author":[{"embeddable":true,"href":"https:\/\/eldiariodesanpedro.com.ar\/sitio\/wp-json\/wp\/v2\/users\/4"}],"replies":[{"embeddable":true,"href":"https:\/\/eldiariodesanpedro.com.ar\/sitio\/wp-json\/wp\/v2\/comments?post=38639"}],"version-history":[{"count":1,"href":"https:\/\/eldiariodesanpedro.com.ar\/sitio\/wp-json\/wp\/v2\/posts\/38639\/revisions"}],"predecessor-version":[{"id":38642,"href":"https:\/\/eldiariodesanpedro.com.ar\/sitio\/wp-json\/wp\/v2\/posts\/38639\/revisions\/38642"}],"wp:featuredmedia":[{"embeddable":true,"href":"https:\/\/eldiariodesanpedro.com.ar\/sitio\/wp-json\/wp\/v2\/media\/38641"}],"wp:attachment":[{"href":"https:\/\/eldiariodesanpedro.com.ar\/sitio\/wp-json\/wp\/v2\/media?parent=38639"}],"wp:term":[{"taxonomy":"category","embeddable":true,"href":"https:\/\/eldiariodesanpedro.com.ar\/sitio\/wp-json\/wp\/v2\/categories?post=38639"},{"taxonomy":"post_tag","embeddable":true,"href":"https:\/\/eldiariodesanpedro.com.ar\/sitio\/wp-json\/wp\/v2\/tags?post=38639"}],"curies":[{"name":"wp","href":"https:\/\/api.w.org\/{rel}","templated":true}]}}