{"id":38634,"date":"2018-08-17T20:36:33","date_gmt":"2018-08-17T23:36:33","guid":{"rendered":"https:\/\/eldiariodesanpedro.com.ar\/sitio\/?p=38634"},"modified":"2018-08-17T20:36:33","modified_gmt":"2018-08-17T23:36:33","slug":"vuelve-el-trueque-a-arrecifes","status":"publish","type":"post","link":"https:\/\/eldiariodesanpedro.com.ar\/sitio\/vuelve-el-trueque-a-arrecifes\/","title":{"rendered":"Vuelve el trueque a Arrecifes"},"content":{"rendered":"<p><!-- VideographyWP Plugin Message: Automatic video embedding prevented by plugin options. --><br \/>\nDesde esta tarde, en un terreno de calle Rivadavia al 700 (cruzando Avenida Per\u00f3n), vuelve el trueque a Arrecifes despu\u00e9s de casi dos d\u00e9cadas.<\/p>\n<p>  Elsa Rodr\u00edguez, propietaria de un kiosco ubicado en esa cuadra, es quien est\u00e1 a cargo de la organizaci\u00f3n de este sistema de intercambio de mercader\u00edas y bienes que comienza hoy de 14:00 a 17:00 y se extender\u00e1 esta semana hasta el viernes.<\/p>\n<p>  Por Radio Uno (107.1), la mujer cont\u00f3 que \u201cesto surgi\u00f3 por pedido de muchos vecinos, que ya ni pueden comer todo el mes. Cuando compr\u00e1s un paquete de yerba, se te acaba la garrafa; cuando pod\u00e9s reponer la garrafa, se te termin\u00f3 el aceite y no pod\u00e9s cocinar. Y as\u00ed. La verdad es que la estamos pasando muy mal\u201d.<br \/>\n  Elsa aclar\u00f3 que al trueque se puede llevar cualquier cosa: \u201cRopa, tortas, comida, una jaula, un pajarito, art\u00edculos muebles, lo que sea; lo que s\u00ed aclaramos es que no se aceptan compras, dinero, bonos, nada comercial\u201d.<br \/>\nY a\u00f1adi\u00f3 que \u201cvamos a probar hasta el viernes, desde las 14:00 a las 17:00. La semana que viene, martes, jueves y s\u00e1bado y despu\u00e9s veremos si lo hacemos todos los d\u00edas. Creemos que va a ser bueno para todos porque somos much\u00edsimos los que estamos pasando grandes necesidades\u201d.<\/p>\n<p>Fuente: Arrecifes Noticias<\/p>\n","protected":false},"excerpt":{"rendered":"<p>Desde esta tarde, en un terreno de calle Rivadavia al 700 (cruzando Avenida Per\u00f3n), vuelve el trueque a Arrecifes despu\u00e9s de casi dos d\u00e9cadas. Elsa Rodr\u00edguez, propietaria de un kiosco ubicado en esa cuadra, es quien est\u00e1 a cargo de la organizaci\u00f3n de este sistema de intercambio de mercader\u00edas y bienes que comienza hoy de [&hellip;]<\/p>\n","protected":false},"author":4,"featured_media":38636,"comment_status":"open","ping_status":"closed","sticky":false,"template":"","format":"standard","meta":{"om_disable_all_campaigns":false,"_jetpack_memberships_contains_paid_content":false,"footnotes":""},"categories":[621],"tags":[],"class_list":["post-38634","post","type-post","status-publish","format-standard","has-post-thumbnail","hentry","category-regionales"],"aioseo_notices":[],"gutentor_comment":0,"jetpack_featured_media_url":"https:\/\/eldiariodesanpedro.com.ar\/sitio\/wp-content\/uploads\/2018\/08\/Rivadavia-800-Trueque.jpg","jetpack_shortlink":"https:\/\/wp.me\/p6RhLt-a38","jetpack_sharing_enabled":true,"_links":{"self":[{"href":"https:\/\/eldiariodesanpedro.com.ar\/sitio\/wp-json\/wp\/v2\/posts\/38634","targetHints":{"allow":["GET"]}}],"collection":[{"href":"https:\/\/eldiariodesanpedro.com.ar\/sitio\/wp-json\/wp\/v2\/posts"}],"about":[{"href":"https:\/\/eldiariodesanpedro.com.ar\/sitio\/wp-json\/wp\/v2\/types\/post"}],"author":[{"embeddable":true,"href":"https:\/\/eldiariodesanpedro.com.ar\/sitio\/wp-json\/wp\/v2\/users\/4"}],"replies":[{"embeddable":true,"href":"https:\/\/eldiariodesanpedro.com.ar\/sitio\/wp-json\/wp\/v2\/comments?post=38634"}],"version-history":[{"count":1,"href":"https:\/\/eldiariodesanpedro.com.ar\/sitio\/wp-json\/wp\/v2\/posts\/38634\/revisions"}],"predecessor-version":[{"id":38638,"href":"https:\/\/eldiariodesanpedro.com.ar\/sitio\/wp-json\/wp\/v2\/posts\/38634\/revisions\/38638"}],"wp:featuredmedia":[{"embeddable":true,"href":"https:\/\/eldiariodesanpedro.com.ar\/sitio\/wp-json\/wp\/v2\/media\/38636"}],"wp:attachment":[{"href":"https:\/\/eldiariodesanpedro.com.ar\/sitio\/wp-json\/wp\/v2\/media?parent=38634"}],"wp:term":[{"taxonomy":"category","embeddable":true,"href":"https:\/\/eldiariodesanpedro.com.ar\/sitio\/wp-json\/wp\/v2\/categories?post=38634"},{"taxonomy":"post_tag","embeddable":true,"href":"https:\/\/eldiariodesanpedro.com.ar\/sitio\/wp-json\/wp\/v2\/tags?post=38634"}],"curies":[{"name":"wp","href":"https:\/\/api.w.org\/{rel}","templated":true}]}}